{"id":35822,"date":"2015-06-06T11:02:09","date_gmt":"2015-06-06T08:02:09","guid":{"rendered":"http:\/\/sana.sy\/tr\/?p=35822"},"modified":"2015-06-06T11:02:09","modified_gmt":"2015-06-06T08:02:09","slug":"askeri-kaynak-ordu-birliklerimizin-dera-beled-dogu-el-kerak-semtinde-aralarinda-yabanci-uyruklularin-bulundugu-sozde-yermuk-alayi-adli-teror-orgutunden-6-teroristi-oldurduklerini-agir-taramali-silah","status":"publish","type":"post","link":"https:\/\/archive.sana.sy\/tr\/?p=35822","title":{"rendered":"Askeri kaynak, ordu birliklerimizin Dera Beled Do\u011fu el Kerak Semtinde aralar\u0131nda yabanc\u0131 uyruklular\u0131n bulundu\u011fu s\u00f6zde Yermuk Alay\u0131 adl\u0131 ter\u00f6r \u00f6rg\u00fct\u00fcnden 6 ter\u00f6risti \u00f6ld\u00fcrd\u00fcklerini, a\u011f\u0131r taramal\u0131 silahlar\u0131n bulundu\u011fu 3 ara\u00e7lar\u0131n\u0131 da imha ettiklerini belirtti."},"content":{"rendered":"<p>Askeri kaynak, ordu birliklerimizin Dera Beled Do\u011fu el Kerak Semtinde aralar\u0131nda yabanc\u0131 uyruklular\u0131n bulundu\u011fu s\u00f6zde Yermuk Alay\u0131 adl\u0131 ter\u00f6r \u00f6rg\u00fct\u00fcnden 6 ter\u00f6risti \u00f6ld\u00fcrd\u00fcklerini, a\u011f\u0131r taramal\u0131 silahlar\u0131n bulundu\u011fu 3 ara\u00e7lar\u0131n\u0131 da imha ettiklerini belirtti.<\/p>\n","protected":false},"excerpt":{"rendered":"<p>Askeri kaynak, ordu birliklerimizin Dera Beled Do\u011fu el Kerak Semtinde aralar\u0131nda yabanc\u0131 uyruklular\u0131n bulundu\u011fu s\u00f6zde Yermuk Alay\u0131 adl\u0131 ter\u00f6r \u00f6rg\u00fct\u00fcnden 6 ter\u00f6risti \u00f6ld\u00fcrd\u00fcklerini, a\u011f\u0131r taramal\u0131 silahlar\u0131n bulundu\u011fu 3 ara\u00e7lar\u0131n\u0131 da imha ettiklerini belirtti.<\/p>\n","protected":false},"author":1,"featured_media":0,"comment_status":"closed","ping_status":"closed","sticky":false,"template":"","format":"standard","meta":{"footnotes":""},"categories":[1],"tags":[],"class_list":["post-35822","post","type-post","status-publish","format-standard","","category-news-not-sorted"],"_links":{"self":[{"href":"https:\/\/archive.sana.sy\/tr\/index.php?rest_route=\/wp\/v2\/posts\/35822","targetHints":{"allow":["GET"]}}],"collection":[{"href":"https:\/\/archive.sana.sy\/tr\/index.php?rest_route=\/wp\/v2\/posts"}],"about":[{"href":"https:\/\/archive.sana.sy\/tr\/index.php?rest_route=\/wp\/v2\/types\/post"}],"author":[{"embeddable":true,"href":"https:\/\/archive.sana.sy\/tr\/index.php?rest_route=\/wp\/v2\/users\/1"}],"replies":[{"embeddable":true,"href":"https:\/\/archive.sana.sy\/tr\/index.php?rest_route=%2Fwp%2Fv2%2Fcomments&post=35822"}],"version-history":[{"count":0,"href":"https:\/\/archive.sana.sy\/tr\/index.php?rest_route=\/wp\/v2\/posts\/35822\/revisions"}],"wp:attachment":[{"href":"https:\/\/archive.sana.sy\/tr\/index.php?rest_route=%2Fwp%2Fv2%2Fmedia&parent=35822"}],"wp:term":[{"taxonomy":"category","embeddable":true,"href":"https:\/\/archive.sana.sy\/tr\/index.php?rest_route=%2Fwp%2Fv2%2Fcategories&post=35822"},{"taxonomy":"post_tag","embeddable":true,"href":"https:\/\/archive.sana.sy\/tr\/index.php?rest_route=%2Fwp%2Fv2%2Ftags&post=35822"}],"curies":[{"name":"wp","href":"https:\/\/api.w.org\/{rel}","templated":true}]}}