{"id":35824,"date":"2015-06-06T11:45:43","date_gmt":"2015-06-06T08:45:43","guid":{"rendered":"http:\/\/sana.sy\/tr\/?p=35824"},"modified":"2015-06-06T11:49:11","modified_gmt":"2015-06-06T08:49:11","slug":"kadiri-isci-orgutunun-teror-sonucunda-suriyeli-iscilerin-ugradiklarini-goz-ardi-etmesini-garipsiyoruz","status":"publish","type":"post","link":"https:\/\/archive.sana.sy\/tr\/?p=35824","title":{"rendered":"Kadiri: \u0130\u015f\u00e7i \u00d6rg\u00fct\u00fcn\u00fcn Ter\u00f6r Sonucunda Suriyeli \u0130\u015f\u00e7ilerin U\u011frad\u0131klar\u0131n\u0131 G\u00f6z Ard\u0131 Etmesini Garipsiyoruz"},"content":{"rendered":"<p>CENEVRE &#8211; \u0130\u015f\u00e7i Sendikalar\u0131 Federasyonu Genel Ba\u015fkan\u0131 Cemal Kadiri, Uluslararas\u0131 \u00c7al\u0131\u015fma \u00d6rg\u00fct\u00fc (International Labour Organization) &#8220;ILO&#8221;, di\u011fer kurulu\u015f ve \u00fclkelerden, \u00f6zel olarak Suriyeli i\u015f\u00e7iler genel olarak da Suriye halk\u0131na kar\u015f\u0131 i\u015flenen ter\u00f6r su\u00e7lar\u0131n\u0131 k\u0131namalar\u0131 talebinde bulunarak, Suriye ve b\u00f6lgede g\u00fcven ve istikrar\u0131n yeniden sa\u011flanmas\u0131 i\u00e7in ter\u00f6re deste\u011fin durdurulmas\u0131, finanse eden ve destekleyicilerine bask\u0131 uygulanmas\u0131 \u00e7a\u011fr\u0131s\u0131nda bulundu.<\/p>\n<p>Cenevre&#8217;de d\u00fczenlenen Uluslararas\u0131 \u00c7al\u0131\u015fma Konferans\u0131&#8217;nda yapt\u0131\u011f\u0131 konu\u015fmada Kadiri, Suriyeli i\u015f\u00e7ileri hedef ter\u00f6rizme y\u00f6nelik ILO&#8217;nun sessiz kalmas\u0131na \u015fa\u015f\u0131rd\u0131\u011f\u0131n\u0131 s\u00f6yledi ve ILO genel m\u00fcd\u00fcr\u00fc ve b\u00fct\u00fcn yetkililerini Suriyeli i\u015f\u00e7ilerin hedef al\u0131nmas\u0131yla meydana gelenleri k\u0131namalar\u0131na \u00e7a\u011f\u0131rd\u0131.<\/p>\n<p>Suriye\u2019nin tan\u0131k olduklar\u0131n\u0131n, Suriye\u2019de y\u0131k\u0131m, harap ve \u00f6ld\u00fcrme eylemlerinde bulunmalar\u0131 i\u00e7in d\u00fcnyan\u0131n d\u00f6rt bir yan\u0131ndan on binlerce ter\u00f6risti getirip, e\u011fiten, silahland\u0131ran ve finanse eden ABD, ortaklar\u0131 ve b\u00f6lgedeki m\u00fcttefiklerinin y\u00f6netti\u011fi zalim \u00e7irkef sald\u0131r\u0131 oldu\u011funu s\u00f6yledi.<\/p>\n<p>Kadiri, bat\u0131 taraf\u0131ndan Suriye halk\u0131na dayat\u0131lan, ekonomisi ve alt yap\u0131s\u0131n\u0131 bozguna u\u011fratan zalim ekonomik yapt\u0131r\u0131mlara i\u015faret etti.<\/p>\n<p>Kadiri, Suriye\u2019ye kar\u015f\u0131 sava\u015f\u0131n milyonlarca insan\u0131 evinden bark\u0131ndan g\u00f6\u00e7 ettirdi\u011fine, on binlerce ki\u015finin \u015fehit d\u00fc\u015fmesine, \u00e7ok say\u0131da alt yap\u0131n\u0131n y\u0131k\u0131m\u0131na, fabrika ve kurumlar\u0131n hedef al\u0131nmas\u0131na yol a\u00e7arak, Suriye ekonomisine zarar vererek 3 milyondan fazla i\u015f\u00e7inin i\u015f f\u0131rsat\u0131n\u0131 ellerinden ald\u0131\u011f\u0131na, ter\u00f6r bask\u0131s\u0131 alt\u0131nda ba\u015fka \u00fclkelere iltica etmelerine yol a\u00e7t\u0131\u011f\u0131na dikkat \u00e7ekti.<\/p>\n<p>S.\u015e<\/p>\n","protected":false},"excerpt":{"rendered":"<p>CENEVRE &#8211; \u0130\u015f\u00e7i Sendikalar\u0131 Federasyonu Genel Ba\u015fkan\u0131 Cemal Kadiri, Uluslararas\u0131 \u00c7al\u0131\u015fma \u00d6rg\u00fct\u00fc (International Labour Organization) &#8220;ILO&#8221;, di\u011fer kurulu\u015f ve \u00fclkelerden, \u00f6zel olarak Suriyeli i\u015f\u00e7iler genel olarak da Suriye halk\u0131na kar\u015f\u0131 i\u015flenen ter\u00f6r su\u00e7lar\u0131n\u0131 k\u0131namalar\u0131 talebinde bulunarak, Suriye ve b\u00f6lgede g\u00fcven ve istikrar\u0131n yeniden sa\u011flanmas\u0131 i\u00e7in ter\u00f6re deste\u011fin durdurulmas\u0131, finanse eden ve destekleyicilerine bask\u0131 uygulanmas\u0131 \u00e7a\u011fr\u0131s\u0131nda &hellip;<\/p>\n","protected":false},"author":1,"featured_media":35827,"comment_status":"closed","ping_status":"closed","sticky":false,"template":"","format":"standard","meta":{"footnotes":""},"categories":[485,486,2554],"tags":[15012],"class_list":["post-35824","post","type-post","status-publish","format-standard","has-post-thumbnail","","category-is-ve-sermaye","category-haberler-is-ve-sermaye","category-suriye-ve-dunya","tag-kadiri-isci-orgutunun-teror-sonucunda-suriyeli-iscilerin-ugradiklarini-goz-ardi-etmesini-garipsiyoruz"],"_links":{"self":[{"href":"https:\/\/archive.sana.sy\/tr\/index.php?rest_route=\/wp\/v2\/posts\/35824","targetHints":{"allow":["GET"]}}],"collection":[{"href":"https:\/\/archive.sana.sy\/tr\/index.php?rest_route=\/wp\/v2\/posts"}],"about":[{"href":"https:\/\/archive.sana.sy\/tr\/index.php?rest_route=\/wp\/v2\/types\/post"}],"author":[{"embeddable":true,"href":"https:\/\/archive.sana.sy\/tr\/index.php?rest_route=\/wp\/v2\/users\/1"}],"replies":[{"embeddable":true,"href":"https:\/\/archive.sana.sy\/tr\/index.php?rest_route=%2Fwp%2Fv2%2Fcomments&post=35824"}],"version-history":[{"count":0,"href":"https:\/\/archive.sana.sy\/tr\/index.php?rest_route=\/wp\/v2\/posts\/35824\/revisions"}],"wp:featuredmedia":[{"embeddable":true,"href":"https:\/\/archive.sana.sy\/tr\/index.php?rest_route=\/wp\/v2\/media\/35827"}],"wp:attachment":[{"href":"https:\/\/archive.sana.sy\/tr\/index.php?rest_route=%2Fwp%2Fv2%2Fmedia&parent=35824"}],"wp:term":[{"taxonomy":"category","embeddable":true,"href":"https:\/\/archive.sana.sy\/tr\/index.php?rest_route=%2Fwp%2Fv2%2Fcategories&post=35824"},{"taxonomy":"post_tag","embeddable":true,"href":"https:\/\/archive.sana.sy\/tr\/index.php?rest_route=%2Fwp%2Fv2%2Ftags&post=35824"}],"curies":[{"name":"wp","href":"https:\/\/api.w.org\/{rel}","templated":true}]}}