{"id":35829,"date":"2015-06-06T11:59:07","date_gmt":"2015-06-06T08:59:07","guid":{"rendered":"http:\/\/sana.sy\/tr\/?p=35829"},"modified":"2015-06-06T11:59:07","modified_gmt":"2015-06-06T08:59:07","slug":"askeri-kaynak-suriye-arap-ordu-birlikleri-ve-lubnan-ulusal-direnisinin-sam-kirsali-kalamundaki-fleyta-daglik-bolgesini-tamamen-kontrolleri-altina-aldiklarini-nusra-cephesi-teroristlerini-sa","status":"publish","type":"post","link":"https:\/\/archive.sana.sy\/tr\/?p=35829","title":{"rendered":"Askeri kaynak, Suriye Arap ordu birlikleri ve L\u00fcbnan Ulusal Direni\u015finin \u015eam K\u0131rsal\u0131 Kalamun\u2019daki Fleyta da\u011fl\u0131k b\u00f6lgesini tamamen kontrolleri alt\u0131na ald\u0131klar\u0131n\u0131, Nusra Cephesi ter\u00f6ristlerini say\u0131 ve cephane bak\u0131m\u0131ndan a\u011f\u0131r kay\u0131plara u\u011fratt\u0131klar\u0131n\u0131 s\u00f6yledi."},"content":{"rendered":"<p>Askeri kaynak, Suriye Arap ordu birlikleri ve L\u00fcbnan Ulusal Direni\u015finin \u015eam K\u0131rsal\u0131 Kalamun\u2019daki Fleyta da\u011fl\u0131k b\u00f6lgesini tamamen kontrolleri alt\u0131na ald\u0131klar\u0131n\u0131, Nusra Cephesi ter\u00f6ristlerini say\u0131 ve cephane bak\u0131m\u0131ndan a\u011f\u0131r kay\u0131plara u\u011fratt\u0131klar\u0131n\u0131 s\u00f6yledi.<\/p>\n","protected":false},"excerpt":{"rendered":"<p>Askeri kaynak, Suriye Arap ordu birlikleri ve L\u00fcbnan Ulusal Direni\u015finin \u015eam K\u0131rsal\u0131 Kalamun\u2019daki Fleyta da\u011fl\u0131k b\u00f6lgesini tamamen kontrolleri alt\u0131na ald\u0131klar\u0131n\u0131, Nusra Cephesi ter\u00f6ristlerini say\u0131 ve cephane bak\u0131m\u0131ndan a\u011f\u0131r kay\u0131plara u\u011fratt\u0131klar\u0131n\u0131 s\u00f6yledi.<\/p>\n","protected":false},"author":1,"featured_media":0,"comment_status":"closed","ping_status":"closed","sticky":false,"template":"","format":"standard","meta":{"footnotes":""},"categories":[1],"tags":[],"class_list":["post-35829","post","type-post","status-publish","format-standard","","category-news-not-sorted"],"_links":{"self":[{"href":"https:\/\/archive.sana.sy\/tr\/index.php?rest_route=\/wp\/v2\/posts\/35829","targetHints":{"allow":["GET"]}}],"collection":[{"href":"https:\/\/archive.sana.sy\/tr\/index.php?rest_route=\/wp\/v2\/posts"}],"about":[{"href":"https:\/\/archive.sana.sy\/tr\/index.php?rest_route=\/wp\/v2\/types\/post"}],"author":[{"embeddable":true,"href":"https:\/\/archive.sana.sy\/tr\/index.php?rest_route=\/wp\/v2\/users\/1"}],"replies":[{"embeddable":true,"href":"https:\/\/archive.sana.sy\/tr\/index.php?rest_route=%2Fwp%2Fv2%2Fcomments&post=35829"}],"version-history":[{"count":0,"href":"https:\/\/archive.sana.sy\/tr\/index.php?rest_route=\/wp\/v2\/posts\/35829\/revisions"}],"wp:attachment":[{"href":"https:\/\/archive.sana.sy\/tr\/index.php?rest_route=%2Fwp%2Fv2%2Fmedia&parent=35829"}],"wp:term":[{"taxonomy":"category","embeddable":true,"href":"https:\/\/archive.sana.sy\/tr\/index.php?rest_route=%2Fwp%2Fv2%2Fcategories&post=35829"},{"taxonomy":"post_tag","embeddable":true,"href":"https:\/\/archive.sana.sy\/tr\/index.php?rest_route=%2Fwp%2Fv2%2Ftags&post=35829"}],"curies":[{"name":"wp","href":"https:\/\/api.w.org\/{rel}","templated":true}]}}