{"id":35835,"date":"2015-06-06T21:03:37","date_gmt":"2015-06-06T18:03:37","guid":{"rendered":"http:\/\/sana.sy\/tr\/?p=35835"},"modified":"2015-06-07T12:56:17","modified_gmt":"2015-06-07T09:56:17","slug":"kalamun-fleyta-daglik-bolgesi-ordu-ve-direnis-kabzasinda","status":"publish","type":"post","link":"https:\/\/archive.sana.sy\/tr\/?p=35835","title":{"rendered":"Kalamun Fleyta Da\u011fl\u0131k B\u00f6lgesi Ordu ve Direni\u015f Kabzas\u0131nda"},"content":{"rendered":"<p>\u0130LLER \u2013 Ordu ve Silahl\u0131 kuvvetlerimize ba\u011fl\u0131 birliklerimiz, sava\u015f u\u00e7aklar\u0131 ve \u00f6zel kuvvetlerin I\u015e\u0130D ve Nusra cephesi ter\u00f6r \u00f6rg\u00fctleriyle onlara ba\u011fl\u0131 tekfiri \u00f6rg\u00fctlere y\u00f6nelik ba\u015far\u0131l\u0131 operasyonlarda ter\u00f6ristlerin a\u011f\u0131r kay\u0131plar\u0131 s\u00fcr\u00fcyor.<\/p>\n<p><span style=\"color: #0000ff\">\u015eAM KIRSALI:<\/span><\/p>\n<p>Askeri kaynak, Suriye Arap ordu birlikleri ve L\u00fcbnan Ulusal Direni\u015finin \u015eam K\u0131rsal\u0131 Kalamun\u2019daki Fleyta da\u011fl\u0131k b\u00f6lgesini tamamen kontrolleri alt\u0131na ald\u0131klar\u0131n\u0131, Nusra Cephesi ter\u00f6ristlerini say\u0131 ve cephane bak\u0131m\u0131ndan a\u011f\u0131r kay\u0131plara u\u011fratt\u0131klar\u0131n\u0131 s\u00f6yledi.<\/p>\n<p>Hava g\u00fc\u00e7lerimizin \u015eam k\u0131rsal\u0131 Do\u011fu \u011euta\u2019n\u0131n Duma Kasabas\u0131 ve Zebdin Beldesinde ter\u00f6ristlerin yuva ve k\u00fcmelenme yerlerini hedef ald\u0131klar\u0131n\u0131 belirten kaynak; \u00e7ok say\u0131da ter\u00f6risti \u00f6l\u00fc ve yaral\u0131 d\u00fc\u015f\u00fcrd\u00fcklerini s\u00f6zlerine ekledi.<\/p>\n<div id='gallery-1' class='gallery galleryid-35835 gallery-columns-3 gallery-size-thumbnail'><figure class='gallery-item'>\n\t\t\t<div class='gallery-icon landscape'>\n\t\t\t\t<a href='https:\/\/archive.sana.sy\/tr\/wp-content\/uploads\/2015\/06\/Kalemun-2.jpg'><img loading=\"lazy\" decoding=\"async\" width=\"150\" height=\"100\" src=\"https:\/\/archive.sana.sy\/tr\/wp-content\/uploads\/2015\/06\/Kalemun-2-150x100.jpg\" class=\"attachment-thumbnail size-thumbnail\" alt=\"\" srcset=\"https:\/\/archive.sana.sy\/tr\/wp-content\/uploads\/2015\/06\/Kalemun-2-150x100.jpg 150w, https:\/\/archive.sana.sy\/tr\/wp-content\/uploads\/2015\/06\/Kalemun-2-300x200.jpg 300w, https:\/\/archive.sana.sy\/tr\/wp-content\/uploads\/2015\/06\/Kalemun-2-1024x681.jpg 1024w\" sizes=\"auto, (max-width: 150px) 100vw, 150px\" \/><\/a>\n\t\t\t<\/div><\/figure><figure class='gallery-item'>\n\t\t\t<div class='gallery-icon landscape'>\n\t\t\t\t<a href='https:\/\/archive.sana.sy\/tr\/wp-content\/uploads\/2015\/06\/Kalemun-3.jpg'><img loading=\"lazy\" decoding=\"async\" width=\"150\" height=\"100\" src=\"https:\/\/archive.sana.sy\/tr\/wp-content\/uploads\/2015\/06\/Kalemun-3-150x100.jpg\" class=\"attachment-thumbnail size-thumbnail\" alt=\"\" srcset=\"https:\/\/archive.sana.sy\/tr\/wp-content\/uploads\/2015\/06\/Kalemun-3-150x100.jpg 150w, https:\/\/archive.sana.sy\/tr\/wp-content\/uploads\/2015\/06\/Kalemun-3-300x200.jpg 300w, https:\/\/archive.sana.sy\/tr\/wp-content\/uploads\/2015\/06\/Kalemun-3-1024x681.jpg 1024w\" sizes=\"auto, (max-width: 150px) 100vw, 150px\" \/><\/a>\n\t\t\t<\/div><\/figure><figure class='gallery-item'>\n\t\t\t<div class='gallery-icon landscape'>\n\t\t\t\t<a href='https:\/\/archive.sana.sy\/tr\/wp-content\/uploads\/2015\/06\/Kalemun-4.jpg'><img loading=\"lazy\" decoding=\"async\" width=\"150\" height=\"100\" src=\"https:\/\/archive.sana.sy\/tr\/wp-content\/uploads\/2015\/06\/Kalemun-4-150x100.jpg\" class=\"attachment-thumbnail size-thumbnail\" alt=\"\" srcset=\"https:\/\/archive.sana.sy\/tr\/wp-content\/uploads\/2015\/06\/Kalemun-4-150x100.jpg 150w, https:\/\/archive.sana.sy\/tr\/wp-content\/uploads\/2015\/06\/Kalemun-4-300x200.jpg 300w, https:\/\/archive.sana.sy\/tr\/wp-content\/uploads\/2015\/06\/Kalemun-4-1024x681.jpg 1024w\" sizes=\"auto, (max-width: 150px) 100vw, 150px\" \/><\/a>\n\t\t\t<\/div><\/figure>\n\t\t<\/div>\n\n<p>https:\/\/www.youtube.com\/watch?v=P_XMj-61mw8<\/p>\n<p><span style=\"color: #0000ff\">HALEP:<\/span><\/p>\n<p>Ordu ve silahl\u0131 kuvvetlerimize ba\u011fl\u0131 ordu birliklerimiz, cani Erdo\u011fan rejimine ba\u011fl\u0131 tekfiri ter\u00f6r \u00f6rg\u00fctlerine y\u00f6nelik sava\u015f\u0131 \u00e7er\u00e7evesinde Halep ve k\u0131rsal\u0131ndaki operasyonlar\u0131n\u0131 s\u00fcrd\u00fcrd\u00fc.<\/p>\n<p>Askeri kaynak, ordu operasyonlar\u0131n\u0131n kuzey k\u0131rsal\u0131 Anadan kasabas\u0131 ve Hureytan Beldelerindeki Nusra Cephesi ve tekfiri \u00f6rg\u00fctlerinin yuva ve ikmal yollar\u0131na yo\u011funla\u015ft\u0131\u011f\u0131n\u0131, bunun sonucunda \u00e7ok say\u0131da ter\u00f6ristin \u00f6ld\u00fcr\u00fclmesi ve ara\u00e7lar\u0131n\u0131n imha edilmesine yol a\u00e7t\u0131\u011f\u0131n\u0131 s\u00f6yledi.<\/p>\n<p>Kaynak, Halep kuzey bat\u0131s\u0131nda, ihvanc\u0131 Erdo\u011fan rejimiyle koordinasyonla kiral\u0131k ter\u00f6ristlerin akt\u0131\u011f\u0131 ve T\u00fcrk\u015fiye\u2019ye giden uluslararas\u0131 yol \u00fczerindeki Beyanun ve Hayyan Beldelerinde d\u00fczenlenen nitelikli operasyonlar sonucunda ter\u00f6rist saflar\u0131nda \u00e7ok say\u0131da ter\u00f6ristin \u00f6l\u00fc ve yaral\u0131 d\u00fc\u015f\u00fcr\u00fcld\u00fcklerine dikkat \u00e7ekti.<\/p>\n<p>G\u00fcney k\u0131rsal\u0131nda ise ordu birliklerimiz askeri kayna\u011fa g\u00f6re, ordu birliklerimizin Azzan ve Abtin K\u00f6ylerinde ter\u00f6rist \u00f6rg\u00fctlerin yuvalar\u0131na y\u00f6nelik d\u00fczenledi\u011fi ba\u015far\u0131l\u0131 operasyonlar sonucunda \u00e7ok say\u0131da ter\u00f6risti \u00f6ld\u00fcrd\u00fcklerini ifade etti.<\/p>\n<p>Halep bat\u0131 k\u0131rsal\u0131 Mansura K\u00f6y\u00fcnde ordu birliklerimizin tekfiri ter\u00f6r \u00f6rg\u00fctlerine y\u00f6nelik d\u00fczenledi\u011fi operasyonlarda baz\u0131 tekfiri ter\u00f6ristleri \u00f6ld\u00fcrd\u00fcklerini belirten kaynak, radikal I\u015e\u0130D ter\u00f6r \u00f6rg\u00fct\u00fcn\u00fcn merkezi Rakka kentine giden uluslararas\u0131 yol \u00fczerinde bulunan Havac\u0131l\u0131k Fak\u00fcltesi \u00e7evresinde \u00e7ok say\u0131da I\u015e\u0130D ter\u00f6ristini \u00f6ld\u00fcrd\u00fcklerini yuva ile bir ka\u00e7 ara\u00e7lar\u0131n\u0131, silah ve cephanelerini de imha ettiklerini s\u00f6yledi.<\/p>\n<p>Halep Kentindeyse askeri kayna\u011fa g\u00f6re, ordu birliklerimizin Ayn el Tel, Bab el Hadid, Kerm Meyser, Leyremun, Eski Halep, Me\u015fhed, Salahuddin ve Hanano\u2019da Nusra cephesi ve tekfiri \u00f6rg\u00fctlerin yuvalar\u0131na y\u00f6nelik nitelikli operasyonlar d\u00fczenlediklerini s\u00f6yledi.<\/p>\n<p>Kaynak, operasyonlarda \u00e7ok say\u0131da ter\u00f6ristin \u00f6l\u00fc ve yaral\u0131 d\u00fc\u015f\u00fcr\u00fcld\u00fcklerini belirtti.<\/p>\n<p><span style=\"color: #0000ff\">\u0130DL\u0130B:<\/span><\/p>\n<p><span style=\"color: #000000\">Askeri kaynak, bir ordu birli\u011fimizin \u0130dlib k\u0131rsal\u0131 Mehambel Beldesi \u00e7evresinde bulunan baz\u0131 askeri mevkileri bo\u015faltarak, b\u00f6lgede gelecek \u00e7at\u0131\u015fma g\u00f6revlerini uygulamak i\u00e7in daha m\u00fclaim yeni mevki ve hatlarda konu\u015fland\u0131klar\u0131n\u0131 s\u00f6yledi.<\/span><\/p>\n<p><span style=\"color: #000000\">Askeri kaynak; \u0130dlib k\u0131rsal\u0131 Senkara, Aynata, Muatram, Kefar \u015eelaya, Bsenkul ve Mehambel b\u00f6lgelerinde Nusra Cephesinin toplanma yerleri ve mevkilerini hedef alan hava g\u00fc\u00e7lerimizin onlarca ter\u00f6risti \u00f6l\u00fc ve yaral\u0131 d\u00fc\u015f\u00fcr\u00fcp a\u011f\u0131r makineli silahla donat\u0131lm\u0131\u015f 5 arac\u0131 da imha ettiklerini aktard\u0131.<\/span><\/p>\n<p>Hava g\u00fc\u00e7lerimiz \u0130dlib k\u0131rsal\u0131 Kefar \u015eelaya Tepesi, Mutelle ve Be\u015flamun b\u00f6lgelerinde Nusra Cephesine ait toplanma yerlerini hedef alarak \u00e7ok say\u0131da ter\u00f6risti \u00f6ld\u00fcrmelerine e\u015f zamanl\u0131 olarak Kefar Zeyba \u2013 Ovrm el Cevz ekseninde bir ara\u00e7 konvoyunu muhtevalar\u0131yla birlikte imha etti.<\/p>\n<p>Kaynak; \u0130dlib k\u0131rsal\u0131 Ebu Zuhur Havaliman\u0131 civar\u0131, Timana, Tel Selmo ve Han \u015eeyhun b\u00f6lgelerinde ise hava g\u00fc\u00e7lerimizin Nusra Cephesinin mevkilerini hedef almalar\u0131yla bir silah deposunu imha edip bir\u00e7ok ter\u00f6risti \u00f6l\u00fc ve yaral\u0131 d\u00fc\u015f\u00fcrd\u00fcklerini belirtti.<\/p>\n<p>Bu arada ter\u00f6r \u00e7eteleri medya ara\u00e7lar\u0131nda \u2018\u015eam B\u00f6l\u00fckleri\u2019 adl\u0131 ter\u00f6r olu\u015fumunun eleba\u015flar\u0131ndan Arafat Asad ve \u2018Cihat \u015eehitleri Taburu\u2019nun askeri komutan\u0131 Mahmut Hasan\u2019\u0131n \u00f6ld\u00fcklerini itiraf etti.<\/p>\n<p><span style=\"color: #0000ff\">HAMA :<\/span><\/p>\n<p>Askeri kaynak Hama k\u0131rsal\u0131 Latamina, Kefar Zeyta, Abdun, Hamidiye ve Kastun b\u00f6lgelerinde ise hava g\u00fc\u00e7lerimizin ter\u00f6ristlerin karargah ve siperlerini imha ederek bir\u00e7ok ter\u00f6risti \u00f6l\u00fc ve yaral\u0131 d\u00fc\u015f\u00fcrd\u00fcklerini s\u00f6yledi.<\/p>\n<p><span style=\"color: #0000ff\">DERA:<\/span><\/p>\n<p>Askeri kaynak SANA muhabirine a\u00e7\u0131klamas\u0131nda, ordu birliklerimizin Dera Beled Do\u011fu el Kerak Semtinde aralar\u0131nda Suudili Ebu Usma lakapl\u0131 ve \u00dcrd\u00fcnl\u00fc Abdulrahman Halife el Radi\u2019nin bulundu\u011fu s\u00f6zde Yermuk Alay\u0131 adl\u0131 ter\u00f6r \u00f6rg\u00fct\u00fcnden 6 ter\u00f6risti \u00f6ld\u00fcrd\u00fcklerini, a\u011f\u0131r taramal\u0131 silahlar\u0131n bulundu\u011fu 3 ara\u00e7lar\u0131n\u0131 da imha ettiklerini belirtti.<\/p>\n<p>Kaynak, birliklerimizin Dera Beled\u2019te Bilal el Habe\u015fi Camii \u00e7evresi, \u00d6meri Camii bat\u0131s\u0131, el Kerak ve el Seybe Semtlerinde ter\u00f6ristlerin yuvalar\u0131na y\u00f6nelik d\u00fczenledikleri ba\u015far\u0131l\u0131 operasyonlar sonucunda \u00e7ok say\u0131da ter\u00f6ristin \u00f6l\u00fc ve yaral\u0131 d\u00fc\u015f\u00fcr\u00fclmelerine bir havan rampas\u0131n\u0131n da imha edilmesine yol a\u00e7t\u0131\u011f\u0131n\u0131 s\u00f6yledi.<\/p>\n<p>Kaynak, birliklerimizin Kefar\u015fems Beldesi g\u00fcney giri\u015finin bat\u0131s\u0131nda s\u00f6zde Ceydur Horan ve Esedullah Hamza Alaylar\u0131ndan \u00e7ok say\u0131da Nusrac\u0131 ter\u00f6ristin \u00f6l\u00fc d\u00fc\u015f\u00fcr\u00fcld\u00fc\u011f\u00fcn\u00fc \u00e7ok say\u0131da ara\u00e7lar\u0131n\u0131n da imha edildi\u011fini ifade etti.<\/p>\n<p>Dera k\u0131rsal\u0131n\u0131n do\u011fusu Sayda ve Nahte b\u00f6lgelerinde de ordu birliklerimiz Nusra Cephesine ait silah ve m\u00fchimmat depolar\u0131 imha ederken onlarca ter\u00f6risti \u00f6l\u00fc ve yaral\u0131 d\u00fc\u015f\u00fcrd\u00fc.<\/p>\n<p>Hava kuvvetlerimiz ise Dera k\u0131rsal\u0131 Do\u011fu \u011eariye ve el Hara b\u00f6lgelerinde ter\u00f6ristlerin toplanma yerlerini hedef almalar\u0131yla \u00e7ok say\u0131da ter\u00f6risti \u00f6ld\u00fcr\u00fcp havzalar\u0131nda bulunan silah ve m\u00fchimmat\u0131n\u0131 imha etti.<\/p>\n<p><span style=\"color: #0000ff\">KUNAYTRA:<\/span><\/p>\n<p>Kunaytra kuzey k\u0131rsal\u0131nda ise askeri kayna\u011f\u0131n belirtti\u011fine g\u00f6re, ordu birliklerimizin Bat\u0131 Samadaniye Beldesinde Nusra Cephesinden \u00e7ok say\u0131da ter\u00f6risti \u00f6ld\u00fcrd\u00fcklerini s\u00f6yledi.<\/p>\n<p><span style=\"color: #0000ff\">S\u00dcVEYDA:<\/span><br \/>\nOrdu ve silahl\u0131 kuvvetlere tabi birliklerimiz S\u00fcveyda k\u0131rsal\u0131nda uluslararas\u0131 ter\u00f6r listesinde bulunan I\u015e\u0130D \u00f6rg\u00fct\u00fcn\u00fcn yuva ve hareketlenme eksenlerine ba\u015far\u0131l\u0131 operasyonlar d\u00fczenledi.<\/p>\n<p>Askeri kaynak SANA muhabirine a\u00e7\u0131klamas\u0131nda, ordu birliklerimizin kuzeydo\u011fu k\u0131rsal\u0131ndaki Tel Buseyne \u00e7evresinde I\u015e\u0130D ter\u00f6r \u00f6rg\u00fct\u00fcn\u00fcn toplanma merkezlerine operasyonlar d\u00fczenlediklerini s\u00f6yledi.<\/p>\n<p>Kaynak, d\u00fczenlenen operasyonlar sonucunda \u00e7ok say\u0131da I\u015e\u0130D ter\u00f6ristinin \u00f6ld\u00fcr\u00fcld\u00fc\u011f\u00fcn\u00fc, i\u00e7indeki silah ve cephaneyle birlikte baz\u0131 ara\u00e7lar\u0131n\u0131n da imha edildi\u011fini s\u00f6yledi.<\/p>\n<p><span style=\"color: #0000ff\">HASEKE :<\/span><\/p>\n<p>Haseke Valili\u011finde bir kaynak; ordu birliklerimizin halk savunma gruplar\u0131yla i\u015fbirli\u011fi i\u00e7inde Haseke k\u0131rsal\u0131n\u0131n kuzeydo\u011fusu el Sekman K\u00f6y\u00fcn\u00fcn kenarlar\u0131nda I\u015e\u0130D\u2019li ter\u00f6ristlerle \u00e7at\u0131\u015fmalara girdiklerini ifade etti.<\/p>\n<p>Kaynak; \u00e7at\u0131\u015fmalarda \u00e7ok say\u0131da ter\u00f6ristin \u00f6ld\u00fcr\u00fcl\u00fcp muhtelif t\u00fcr makineli silahlarla donat\u0131lm\u0131\u015f ara\u00e7lar\u0131n\u0131n da imha edildi\u011fini belirtti.<\/p>\n<p><span style=\"color: #0000ff\">DEYREZZOR :<\/span><\/p>\n<p>Askeri kaynak; Deyrezzor Kentinin Huveyce, Sanayi, Rasafe ve Huveyka b\u00f6lgelerinde ter\u00f6ristlerin a\u011f\u0131r makineli silahlarla donat\u0131lm\u0131\u015f ara\u00e7lar\u0131n\u0131 imha ederek \u00e7ok say\u0131da ter\u00f6risti \u00f6l\u00fc ve yaral\u0131 d\u00fc\u015f\u00fcrd\u00fcklerini s\u00f6yledi.<\/p>\n<p><span style=\"color: #0000ff\">HOMS :<\/span><\/p>\n<p>\u00d6te yandan ordu birliklerimizin bir ter\u00f6r grubunun Homs k\u0131rsal\u0131 Kuzey M\u015feyrfe K\u00f6y\u00fcnden Hattab K\u00f6y\u00fcne s\u0131zma giri\u015fimini \u00e7\u00f6kerttiklerini s\u00f6yleyen kaynak; Sultaniye K\u00f6y\u00fc ve Resten Tepesinde ter\u00f6r yuvalar\u0131n\u0131 muhtevalar\u0131yla birlikte imha ettiklerini ekledi.<\/p>\n<p>S.\u015e &#8211; M.M. &#8211; A.A. &#8211; R.H.<\/p>\n","protected":false},"excerpt":{"rendered":"<p>\u0130LLER \u2013 Ordu ve Silahl\u0131 kuvvetlerimize ba\u011fl\u0131 birliklerimiz, sava\u015f u\u00e7aklar\u0131 ve \u00f6zel kuvvetlerin I\u015e\u0130D ve Nusra cephesi ter\u00f6r \u00f6rg\u00fctleriyle onlara ba\u011fl\u0131 tekfiri \u00f6rg\u00fctlere y\u00f6nelik ba\u015far\u0131l\u0131 operasyonlarda ter\u00f6ristlerin a\u011f\u0131r kay\u0131plar\u0131 s\u00fcr\u00fcyor. \u015eAM KIRSALI: Askeri kaynak, Suriye Arap ordu birlikleri ve L\u00fcbnan Ulusal Direni\u015finin \u015eam K\u0131rsal\u0131 Kalamun\u2019daki Fleyta da\u011fl\u0131k b\u00f6lgesini tamamen kontrolleri alt\u0131na ald\u0131klar\u0131n\u0131, Nusra Cephesi ter\u00f6ristlerini &hellip;<\/p>\n","protected":false},"author":1,"featured_media":35857,"comment_status":"closed","ping_status":"closed","sticky":false,"template":"","format":"standard","meta":{"footnotes":""},"categories":[575],"tags":[15014],"class_list":["post-35835","post","type-post","status-publish","format-standard","has-post-thumbnail","","category-olaylar-ve-gercekler","tag-kalamun-fleyta-daglik-bolgesi-ordu-ve-direnis-kabzasinda"],"_links":{"self":[{"href":"https:\/\/archive.sana.sy\/tr\/index.php?rest_route=\/wp\/v2\/posts\/35835","targetHints":{"allow":["GET"]}}],"collection":[{"href":"https:\/\/archive.sana.sy\/tr\/index.php?rest_route=\/wp\/v2\/posts"}],"about":[{"href":"https:\/\/archive.sana.sy\/tr\/index.php?rest_route=\/wp\/v2\/types\/post"}],"author":[{"embeddable":true,"href":"https:\/\/archive.sana.sy\/tr\/index.php?rest_route=\/wp\/v2\/users\/1"}],"replies":[{"embeddable":true,"href":"https:\/\/archive.sana.sy\/tr\/index.php?rest_route=%2Fwp%2Fv2%2Fcomments&post=35835"}],"version-history":[{"count":0,"href":"https:\/\/archive.sana.sy\/tr\/index.php?rest_route=\/wp\/v2\/posts\/35835\/revisions"}],"wp:featuredmedia":[{"embeddable":true,"href":"https:\/\/archive.sana.sy\/tr\/index.php?rest_route=\/wp\/v2\/media\/35857"}],"wp:attachment":[{"href":"https:\/\/archive.sana.sy\/tr\/index.php?rest_route=%2Fwp%2Fv2%2Fmedia&parent=35835"}],"wp:term":[{"taxonomy":"category","embeddable":true,"href":"https:\/\/archive.sana.sy\/tr\/index.php?rest_route=%2Fwp%2Fv2%2Fcategories&post=35835"},{"taxonomy":"post_tag","embeddable":true,"href":"https:\/\/archive.sana.sy\/tr\/index.php?rest_route=%2Fwp%2Fv2%2Ftags&post=35835"}],"curies":[{"name":"wp","href":"https:\/\/api.w.org\/{rel}","templated":true}]}}