{"id":35846,"date":"2015-06-06T15:14:11","date_gmt":"2015-06-06T12:14:11","guid":{"rendered":"http:\/\/sana.sy\/tr\/?p=35846"},"modified":"2015-06-07T12:50:02","modified_gmt":"2015-06-07T09:50:02","slug":"fiore-suriye-turkiye-ve-daha-baska-devletlerin-katildiklari-bir-komploya-maruz-kaliyor","status":"publish","type":"post","link":"https:\/\/archive.sana.sy\/tr\/?p=35846","title":{"rendered":"Fiore: Suriye, T\u00fcrkiye ve Daha Ba\u015fka Devletlerin Kat\u0131ld\u0131klar\u0131 Bir Komploya Maruz Kal\u0131yor"},"content":{"rendered":"<p>\u015eAM \u2013 Halk Meclisi Ba\u015fkan\u0131 Muhammed Cihat el Lahham bug\u00fcn Suriye&#8217;yi ziyaret etmekte olan Avrupa&#8217;da Bar\u0131\u015f ve \u00d6zg\u00fcrl\u00fck \u0130\u00e7in \u0130ttifak heyeti ba\u015fkan\u0131 Roberto Fiore ile b\u00f6lge g\u00fcndemi ve Suriye&#8217;nin maruz kald\u0131\u011f\u0131 zalim ter\u00f6r sava\u015f\u0131 masaya yat\u0131rd\u0131.<\/p>\n<p>G\u00f6r\u00fc\u015fmede Fiore Suriye&#8217;nin apa\u00e7\u0131k \u00e7irkin bir sava\u015fa maruz kald\u0131\u011f\u0131n\u0131 belirtirken, bu sava\u015fta I\u015e\u0130D ile temsil olan ter\u00f6r ve radikallik silah\u0131n\u0131n kullan\u0131ld\u0131\u011f\u0131na dikkat \u00e7ekti. Fiore Suriye&#8217;nin ba\u015fta T\u00fcrkiye, ABD, Suudi Arabistan, Katar ve daha ba\u015fka devletlerin \u00f6rd\u00fckleri evrensel bir komploya maruz kald\u0131\u011f\u0131na vurgu yapt\u0131.<\/p>\n<p><a href=\"http:\/\/sana.sy\/tr\/wp-content\/uploads\/2015\/06\/Fiore-Suriye-T\u00fcrkiye-ve-Daha-Ba\u015fka-Devletlerin-Kat\u0131ld\u0131klar\u0131-Bir-Komploya-Maruz-Kal\u0131yor.jpg\"><img loading=\"lazy\" decoding=\"async\" class=\"alignright wp-image-35849 size-medium\" src=\"http:\/\/sana.sy\/tr\/wp-content\/uploads\/2015\/06\/Fiore-Suriye-T\u00fcrkiye-ve-Daha-Ba\u015fka-Devletlerin-Kat\u0131ld\u0131klar\u0131-Bir-Komploya-Maruz-Kal\u0131yor-300x195.jpg\" alt=\"Fiore- Suriye, T\u00fcrkiye ve Daha Ba\u015fka Devletlerin Kat\u0131ld\u0131klar\u0131 Bir Komploya Maruz Kal\u0131yor\" width=\"300\" height=\"195\" srcset=\"https:\/\/archive.sana.sy\/tr\/wp-content\/uploads\/2015\/06\/Fiore-Suriye-T\u00fcrkiye-ve-Daha-Ba\u015fka-Devletlerin-Kat\u0131ld\u0131klar\u0131-Bir-Komploya-Maruz-Kal\u0131yor-300x195.jpg 300w, https:\/\/archive.sana.sy\/tr\/wp-content\/uploads\/2015\/06\/Fiore-Suriye-T\u00fcrkiye-ve-Daha-Ba\u015fka-Devletlerin-Kat\u0131ld\u0131klar\u0131-Bir-Komploya-Maruz-Kal\u0131yor-150x98.jpg 150w, https:\/\/archive.sana.sy\/tr\/wp-content\/uploads\/2015\/06\/Fiore-Suriye-T\u00fcrkiye-ve-Daha-Ba\u015fka-Devletlerin-Kat\u0131ld\u0131klar\u0131-Bir-Komploya-Maruz-Kal\u0131yor-1024x667.jpg 1024w\" sizes=\"auto, (max-width: 300px) 100vw, 300px\" \/><\/a>Ya\u015fanmakta olanlar\u0131n medeniyet ile kaos aras\u0131nda bir sava\u015ftan ibaret oldu\u011funu s\u00f6yleyen Fiore; \u00f6zg\u00fcrl\u00fck ve bar\u0131\u015f i\u00e7in heyet olarak g\u00f6revlerinin, bu sava\u015fta Avrupa halk\u0131n\u0131 Suriye&#8217;nin temsil etti\u011fi medeniyetin yan\u0131nda olma ve onu desteklemeye ikna etmek oldu\u011funu belirtti. Fiore Avrupa&#8217;ya ula\u015fmadan \u00f6nce ter\u00f6rle m\u00fccadelenin \u00f6nemine i\u015faret etti.<\/p>\n<p>D\u00fc\u015fman\u0131n g\u00fcn\u00fcm\u00fczde sadece bir b\u00f6lgeyi hedef almad\u0131\u011f\u0131na i\u015faret eden Fiore; ayn\u0131 anda \u00f6zellikle Akdeniz \u00fclkelerinde olmak \u00fczere bir\u00e7ok b\u00f6lgeye yay\u0131l\u0131p bir\u00e7ok sava\u015f y\u00fcr\u00fctt\u00fc\u011f\u00fcne dikkat \u00e7ekti. Fiore I\u015e\u0130D\u2019in Suriye, Irak, L\u00fcbnan ve \u0130spanya\u2019n\u0131n bir b\u00f6lgesine ilaveten hatta Balkanlarda bile var oldu\u011funu s\u00f6yledi.<\/p>\n<p>Fiore Suriye&#8217;yi ziyaret eden ittifak heyetinin 16 Haziran tarihinde Avrupa&#8217;da bir bas\u0131n toplant\u0131s\u0131 d\u00fczenleyece\u011fini ve ziyareti s\u0131ras\u0131nda Suriye&#8217;de g\u00f6rd\u00fc\u011f\u00fc ger\u00e7eklere ilaveten Suriye&#8217;nin maruz kald\u0131\u011f\u0131 sava\u015f\u0131n ger\u00e7e\u011fine \u0131\u015f\u0131k tutaca\u011f\u0131n\u0131 ifade etti. Ter\u00f6r\u00fc destekleyen Suudi Arabistan ve di\u011fer devletlere kar\u015f\u0131 da bir kampanya ba\u015flatacaklar\u0131n\u0131 s\u00f6yleyen Fiore; Avrupa h\u00fck\u00fcmetlerinin politikle\u015ftirilmi\u015f olup ABD\u2019nin komutas\u0131 alt\u0131nda \u00e7al\u0131\u015ft\u0131klar\u0131n\u0131 belirtti.<\/p>\n<p><span style=\"color: #0000ff\">Mikdat: Avrupal\u0131 Kimi Politikac\u0131lar\u0131n Suriye&#8217;ye Kar\u015f\u0131 Tutumlar\u0131 Ter\u00f6re Destek Niteli\u011findedir<\/span><\/p>\n<p><a href=\"http:\/\/sana.sy\/tr\/wp-content\/uploads\/2015\/06\/Mikdat.jpg\"><img loading=\"lazy\" decoding=\"async\" class=\"alignright wp-image-35855 size-medium\" src=\"http:\/\/sana.sy\/tr\/wp-content\/uploads\/2015\/06\/Mikdat-300x175.jpg\" alt=\"Mikdat\" width=\"300\" height=\"175\" srcset=\"https:\/\/archive.sana.sy\/tr\/wp-content\/uploads\/2015\/06\/Mikdat-300x175.jpg 300w, https:\/\/archive.sana.sy\/tr\/wp-content\/uploads\/2015\/06\/Mikdat-150x87.jpg 150w, https:\/\/archive.sana.sy\/tr\/wp-content\/uploads\/2015\/06\/Mikdat-1024x597.jpg 1024w\" sizes=\"auto, (max-width: 300px) 100vw, 300px\" \/><\/a>Bar\u0131\u015f ve \u00d6zg\u00fcrl\u00fck \u0130\u00e7in \u0130ttifak heyetiyle bir araya gelen D\u0131\u015fi\u015fleri ve Gurbet\u00e7iler Bakan\u0131 Yard\u0131mc\u0131s\u0131 Faysal Mikdat Suriye&#8217;nin maruz kald\u0131\u011f\u0131 evrensel h\u0131r\u00e7\u0131n sava\u015f\u0131n amac\u0131n\u0131n varl\u0131\u011f\u0131n\u0131 hedef ald\u0131\u011f\u0131n\u0131 belirtti. Mikdat Suriye&#8217;nin devlet, halk ve ordu olarak ter\u00f6re kar\u015f\u0131 t\u00fcm d\u00fcnya ad\u0131na sava\u015ft\u0131\u011f\u0131n\u0131 s\u00f6yledi.<\/p>\n<p>Avrupal\u0131 bir\u00e7ok parlamenterden olu\u015fan heyet ile g\u00f6r\u00fc\u015fmesinde Mikdat; Avrupal\u0131 kimi politikac\u0131lar\u0131n Suriye&#8217;ye kar\u015f\u0131 tutumlar\u0131yla ter\u00f6re destek niteli\u011finde oldu\u011funu belirtti. Mikdat s\u00f6z konusu Avrupal\u0131 politikac\u0131lar\u0131n bu tutumlar\u0131yla ter\u00f6ristleri Suriye&#8217;yi ele ge\u00e7irmelerine destek verdiklerini ve tekfirci ter\u00f6r\u00fcn Avrupa \u00fclkeleri dahil ba\u015fka \u00fclkelere yay\u0131lmas\u0131na yard\u0131m niteli\u011finde oldu\u011funa dikkat \u00e7ekti.<\/p>\n<p><span style=\"color: #0000ff\">Heyet Bas\u0131n Toplant\u0131s\u0131 D\u00fczenledi<\/span><\/p>\n<p>\u015eam\u2019da bir dizi temaslar\u0131n\u0131n ard\u0131ndan bas\u0131n toplant\u0131s\u0131 d\u00fczenleyen Avrupa&#8217;da Bar\u0131\u015f ve \u00d6zg\u00fcrl\u00fck \u0130\u00e7in \u0130ttifak Partisi heyetinin ba\u015fkan\u0131 Fiore; I\u015e\u0130D\u2019in ABD\u2019nin elinde bir edat oldu\u011funu ifade etti. Fiore ABD\u2019nin bu edat\u0131 Suriye halk\u0131 ve medeniyetini y\u0131kmak i\u00e7in kulland\u0131\u011f\u0131n\u0131, bu medeniyetin de t\u00fcm d\u00fcnyay\u0131 ilgilendiren insani bir mesele oldu\u011funun alt\u0131n\u0131 \u00e7izdi.<\/p>\n<p><a href=\"http:\/\/sana.sy\/tr\/wp-content\/uploads\/2015\/06\/Heyet-Bas\u0131n-Toplant\u0131s\u0131-D\u00fczenledi-1.jpg\"><img loading=\"lazy\" decoding=\"async\" class=\"alignright wp-image-35869 size-medium\" src=\"http:\/\/sana.sy\/tr\/wp-content\/uploads\/2015\/06\/Heyet-Bas\u0131n-Toplant\u0131s\u0131-D\u00fczenledi-1-300x160.jpg\" alt=\"Heyet Bas\u0131n Toplant\u0131s\u0131 D\u00fczenledi 1\" width=\"300\" height=\"160\" srcset=\"https:\/\/archive.sana.sy\/tr\/wp-content\/uploads\/2015\/06\/Heyet-Bas\u0131n-Toplant\u0131s\u0131-D\u00fczenledi-1-300x160.jpg 300w, https:\/\/archive.sana.sy\/tr\/wp-content\/uploads\/2015\/06\/Heyet-Bas\u0131n-Toplant\u0131s\u0131-D\u00fczenledi-1-150x80.jpg 150w, https:\/\/archive.sana.sy\/tr\/wp-content\/uploads\/2015\/06\/Heyet-Bas\u0131n-Toplant\u0131s\u0131-D\u00fczenledi-1.jpg 620w\" sizes=\"auto, (max-width: 300px) 100vw, 300px\" \/><\/a>Suudi rejiminin sahip oldu\u011fu n\u00fcfuz ve b\u00fcy\u00fck paralarla Avrupa devletlerinde toprak sat\u0131n ald\u0131\u011f\u0131na dikkat \u00e7eken Fiore; bu topraklar\u0131n \u00fczerinde tekfirci Vahhabi ideolojisini yayma amac\u0131yla merkez ve mescitler in\u015fa etti\u011fini belirtti. Fiore; b\u00f6ylece Suudi rejiminin son sald\u0131r\u0131s\u0131n\u0131 Avrupa devletlerine yapmay\u0131 planlad\u0131\u011f\u0131n\u0131 ifade etti.<\/p>\n<p>Suriye&#8217;de I\u015e\u0130D saflar\u0131nda yer alan Avrupal\u0131 tekfircilerin say\u0131s\u0131ndaki b\u00fcy\u00fck art\u0131\u015fa dikkat \u00e7eken Fiore; Suriye&#8217;ye ilk ziyaretinden bu yana onlarca kat artan bu tekfircilerin Avrupa \u00fclkelerine d\u00f6nd\u00fcklerinde te\u015fkil edecekleri b\u00fcy\u00fck tehlikeye vurgu yapt\u0131.<\/p>\n<p>Bas\u0131n toplant\u0131s\u0131nda konu\u015fan heyet \u00fcyeleri Bat\u0131l\u0131 medyan\u0131n her daim kas\u0131tl\u0131 olarak Suriye&#8217;ye ili\u015fkin ger\u00e7ekleri \u00e7arp\u0131tt\u0131\u011f\u0131n\u0131 ve kamuoyunu aldatt\u0131\u011f\u0131n\u0131 vurgulad\u0131lar. Konu\u015fmac\u0131lar Suriye&#8217;ye ziyaretlerinde kendi g\u00f6zleriyle g\u00f6rd\u00fcklerinin Bat\u0131l\u0131 medyan\u0131n aktard\u0131\u011f\u0131 yalan dolanlardan \u00e7ok daha farkl\u0131 oldu\u011funu g\u00f6rd\u00fcklerini ifade etti.<\/p>\n<p>https:\/\/www.youtube.com\/watch?v=68DieNSvK60<\/p>\n<p>A.A. &#8211; M.M. &#8211; R.H.<\/p>\n","protected":false},"excerpt":{"rendered":"<p>\u015eAM \u2013 Halk Meclisi Ba\u015fkan\u0131 Muhammed Cihat el Lahham bug\u00fcn Suriye&#8217;yi ziyaret etmekte olan Avrupa&#8217;da Bar\u0131\u015f ve \u00d6zg\u00fcrl\u00fck \u0130\u00e7in \u0130ttifak heyeti ba\u015fkan\u0131 Roberto Fiore ile b\u00f6lge g\u00fcndemi ve Suriye&#8217;nin maruz kald\u0131\u011f\u0131 zalim ter\u00f6r sava\u015f\u0131 masaya yat\u0131rd\u0131. G\u00f6r\u00fc\u015fmede Fiore Suriye&#8217;nin apa\u00e7\u0131k \u00e7irkin bir sava\u015fa maruz kald\u0131\u011f\u0131n\u0131 belirtirken, bu sava\u015fta I\u015e\u0130D ile temsil olan ter\u00f6r ve radikallik &hellip;<\/p>\n","protected":false},"author":1,"featured_media":35848,"comment_status":"closed","ping_status":"closed","sticky":false,"template":"","format":"standard","meta":{"footnotes":""},"categories":[479,447,2554,2555,478],"tags":[15015,15016],"class_list":["post-35846","post","type-post","status-publish","format-standard","has-post-thumbnail","","category-haberler-yerel","category-politika","category-suriye-ve-dunya","category-suriye-ve-turkiye","category-yerel","tag-fiore-suriye","tag-turkiye-ve-daha-baska-devletlerin-katildiklari-bir-komploya-maruz-kaliyor"],"_links":{"self":[{"href":"https:\/\/archive.sana.sy\/tr\/index.php?rest_route=\/wp\/v2\/posts\/35846","targetHints":{"allow":["GET"]}}],"collection":[{"href":"https:\/\/archive.sana.sy\/tr\/index.php?rest_route=\/wp\/v2\/posts"}],"about":[{"href":"https:\/\/archive.sana.sy\/tr\/index.php?rest_route=\/wp\/v2\/types\/post"}],"author":[{"embeddable":true,"href":"https:\/\/archive.sana.sy\/tr\/index.php?rest_route=\/wp\/v2\/users\/1"}],"replies":[{"embeddable":true,"href":"https:\/\/archive.sana.sy\/tr\/index.php?rest_route=%2Fwp%2Fv2%2Fcomments&post=35846"}],"version-history":[{"count":0,"href":"https:\/\/archive.sana.sy\/tr\/index.php?rest_route=\/wp\/v2\/posts\/35846\/revisions"}],"wp:featuredmedia":[{"embeddable":true,"href":"https:\/\/archive.sana.sy\/tr\/index.php?rest_route=\/wp\/v2\/media\/35848"}],"wp:attachment":[{"href":"https:\/\/archive.sana.sy\/tr\/index.php?rest_route=%2Fwp%2Fv2%2Fmedia&parent=35846"}],"wp:term":[{"taxonomy":"category","embeddable":true,"href":"https:\/\/archive.sana.sy\/tr\/index.php?rest_route=%2Fwp%2Fv2%2Fcategories&post=35846"},{"taxonomy":"post_tag","embeddable":true,"href":"https:\/\/archive.sana.sy\/tr\/index.php?rest_route=%2Fwp%2Fv2%2Ftags&post=35846"}],"curies":[{"name":"wp","href":"https:\/\/api.w.org\/{rel}","templated":true}]}}