{"id":35863,"date":"2015-06-06T16:40:13","date_gmt":"2015-06-06T13:40:13","guid":{"rendered":"http:\/\/sana.sy\/tr\/?p=35863"},"modified":"2015-06-06T16:52:41","modified_gmt":"2015-06-06T13:52:41","slug":"35863","status":"publish","type":"post","link":"https:\/\/archive.sana.sy\/tr\/?p=35863","title":{"rendered":"Halep\u2019te Sivil Yerle\u015fim Semtlerini Hedef Almaya Devam Ediyor"},"content":{"rendered":"<p>HALEP \u2013 \u0130hvanc\u0131 Erdo\u011fan ve Vahhabi \u00c2l Suudi rejimlerine ba\u011fl\u0131 ter\u00f6r \u00e7eteleri Halep\u2019te yeniden sivil yerle\u015fim alanlar\u0131n\u0131 f\u00fczelerle hedef ald\u0131.<\/p>\n<p>Emniyet M\u00fcd\u00fcrl\u00fc\u011f\u00fcnde bir kaynak SANA\u2019ya a\u00e7\u0131klamas\u0131nda Halep Kentinin Beni Zeyd Semtinde siperlenen ter\u00f6ristlerin f\u0131rlatt\u0131\u011f\u0131 f\u00fczelerin E\u015frefiye Semtine d\u00fc\u015fmesi sonucunda aralar\u0131nda 3 \u00e7ocu\u011fun bulundu\u011fu 9 vatanda\u015f\u0131n yaraland\u0131\u011f\u0131n\u0131 ifade etti.<\/p>\n<p>Kaynak; hain ve gaddar sald\u0131r\u0131da vatanda\u015flara ait m\u00fclklerde de b\u00fcy\u00fck maddi hasar\u0131n olu\u015ftu\u011funa dikkat \u00e7ekti.<\/p>\n<p>M.M. &#8211; A.A.<\/p>\n","protected":false},"excerpt":{"rendered":"<p>HALEP \u2013 \u0130hvanc\u0131 Erdo\u011fan ve Vahhabi \u00c2l Suudi rejimlerine ba\u011fl\u0131 ter\u00f6r \u00e7eteleri Halep\u2019te yeniden sivil yerle\u015fim alanlar\u0131n\u0131 f\u00fczelerle hedef ald\u0131. Emniyet M\u00fcd\u00fcrl\u00fc\u011f\u00fcnde bir kaynak SANA\u2019ya a\u00e7\u0131klamas\u0131nda Halep Kentinin Beni Zeyd Semtinde siperlenen ter\u00f6ristlerin f\u0131rlatt\u0131\u011f\u0131 f\u00fczelerin E\u015frefiye Semtine d\u00fc\u015fmesi sonucunda aralar\u0131nda 3 \u00e7ocu\u011fun bulundu\u011fu 9 vatanda\u015f\u0131n yaraland\u0131\u011f\u0131n\u0131 ifade etti. Kaynak; hain ve gaddar sald\u0131r\u0131da vatanda\u015flara ait &hellip;<\/p>\n","protected":false},"author":1,"featured_media":35867,"comment_status":"closed","ping_status":"closed","sticky":false,"template":"","format":"standard","meta":{"footnotes":""},"categories":[479,575,478],"tags":[15017],"class_list":["post-35863","post","type-post","status-publish","format-standard","has-post-thumbnail","","category-haberler-yerel","category-olaylar-ve-gercekler","category-yerel","tag-halepte-sivil-yerlesim-semtlerini-hedef-almaya-devam-ediyor"],"_links":{"self":[{"href":"https:\/\/archive.sana.sy\/tr\/index.php?rest_route=\/wp\/v2\/posts\/35863","targetHints":{"allow":["GET"]}}],"collection":[{"href":"https:\/\/archive.sana.sy\/tr\/index.php?rest_route=\/wp\/v2\/posts"}],"about":[{"href":"https:\/\/archive.sana.sy\/tr\/index.php?rest_route=\/wp\/v2\/types\/post"}],"author":[{"embeddable":true,"href":"https:\/\/archive.sana.sy\/tr\/index.php?rest_route=\/wp\/v2\/users\/1"}],"replies":[{"embeddable":true,"href":"https:\/\/archive.sana.sy\/tr\/index.php?rest_route=%2Fwp%2Fv2%2Fcomments&post=35863"}],"version-history":[{"count":0,"href":"https:\/\/archive.sana.sy\/tr\/index.php?rest_route=\/wp\/v2\/posts\/35863\/revisions"}],"wp:featuredmedia":[{"embeddable":true,"href":"https:\/\/archive.sana.sy\/tr\/index.php?rest_route=\/wp\/v2\/media\/35867"}],"wp:attachment":[{"href":"https:\/\/archive.sana.sy\/tr\/index.php?rest_route=%2Fwp%2Fv2%2Fmedia&parent=35863"}],"wp:term":[{"taxonomy":"category","embeddable":true,"href":"https:\/\/archive.sana.sy\/tr\/index.php?rest_route=%2Fwp%2Fv2%2Fcategories&post=35863"},{"taxonomy":"post_tag","embeddable":true,"href":"https:\/\/archive.sana.sy\/tr\/index.php?rest_route=%2Fwp%2Fv2%2Ftags&post=35863"}],"curies":[{"name":"wp","href":"https:\/\/api.w.org\/{rel}","templated":true}]}}