{"id":35918,"date":"2015-06-07T10:14:01","date_gmt":"2015-06-07T07:14:01","guid":{"rendered":"http:\/\/sana.sy\/tr\/?p=35918"},"modified":"2015-06-07T10:19:13","modified_gmt":"2015-06-07T07:19:13","slug":"velayati-iran-terore-karsi-mucadelede-suriyeyi-desteklemeyi-surdurecek-tahran-iran-islam-devrimi-onderinin-uluslararasi-islerden-sorumlu-mustesari-ali-ekber-velayati-iran","status":"publish","type":"post","link":"https:\/\/archive.sana.sy\/tr\/?p=35918","title":{"rendered":"Velayeti: \u0130ran Ter\u00f6re Kar\u015f\u0131 M\u00fccadelede Suriye\u2019yi Desteklemeyi S\u00fcrd\u00fcrecek"},"content":{"rendered":"<p>TAHRAN \u2013 \u0130ran \u0130slam Devrimi \u00d6nderinin Uluslararas\u0131 \u0130\u015flerden Sorumlu M\u00fcste\u015far\u0131 Ali Ekber Velayeti, \u0130ran\u2019\u0131n, ter\u00f6re kar\u015f\u0131 m\u00fccadelede Suriye ve Irak\u2019a yard\u0131m sunmaya devam edece\u011fini dile getirerek b\u00f6lge devletlerinin g\u00fcvenli\u011finin ayn\u0131 zamanda \u0130ran\u2019\u0131n g\u00fcvenli\u011fi oldu\u011funu belirtti.<\/p>\n<p>D\u00fcn Tahran\u2019da BM Genel Sekreteri Irak \u0130\u015fleri\u00a0 \u0130le \u0130lgili \u00d6zel Temsilcisi Jan Kubis ile bir araya gelen Velayeti, bat\u0131l\u0131 kimi devletlerin Asyal\u0131 ve kimi b\u00f6lge \u00fclkelerinde silahl\u0131 ter\u00f6r gruplar\u0131n\u0131n e\u011fitim ve donat\u0131larak Suriye, Irak ve L\u00fcbnan\u2019a g\u00f6nderilmeleri faaliyetlerine destek verdiklerini yineleyerek bu faaliyetlerin ayr\u0131mc\u0131l\u0131k ve \u0131rk\u00e7\u0131l\u0131\u011fa hizmet etti\u011fini belirtti.<\/p>\n<p>I\u015e\u0130D ter\u00f6r \u00f6rg\u00fct\u00fcn\u00fcn b\u00fct\u00fcn d\u00fcnya i\u00e7in ciddi bir tehlike te\u015fkil etti\u011fini dile getiren Velayeti, bu tehlikenin ilerleyen s\u00fcre\u00e7te I\u015e\u0130D\u2019i yaratanlar ve destek\u00e7ilerini de hedef alaca\u011f\u0131n\u0131n alt\u0131n\u0131 \u00e7izdi.<\/p>\n<p>\u00d6te yandan, \u0130ran\u2019\u0131n ter\u00f6rle m\u00fccadelede \u00f6nemli bir rol\u00fc bulundu\u011funa dikkat \u00e7eken Kubi\u015f, I\u015e\u0130D ter\u00f6r \u00f6rg\u00fct\u00fcn\u00fcn ciddi bir tehlike oldu\u011funun alt\u0131n\u0131 \u00e7izdi.<\/p>\n<p>F.B. &#8211; R.H.<\/p>\n","protected":false},"excerpt":{"rendered":"<p>TAHRAN \u2013 \u0130ran \u0130slam Devrimi \u00d6nderinin Uluslararas\u0131 \u0130\u015flerden Sorumlu M\u00fcste\u015far\u0131 Ali Ekber Velayeti, \u0130ran\u2019\u0131n, ter\u00f6re kar\u015f\u0131 m\u00fccadelede Suriye ve Irak\u2019a yard\u0131m sunmaya devam edece\u011fini dile getirerek b\u00f6lge devletlerinin g\u00fcvenli\u011finin ayn\u0131 zamanda \u0130ran\u2019\u0131n g\u00fcvenli\u011fi oldu\u011funu belirtti. D\u00fcn Tahran\u2019da BM Genel Sekreteri Irak \u0130\u015fleri\u00a0 \u0130le \u0130lgili \u00d6zel Temsilcisi Jan Kubis ile bir araya gelen Velayeti, bat\u0131l\u0131 kimi &hellip;<\/p>\n","protected":false},"author":1,"featured_media":5668,"comment_status":"closed","ping_status":"closed","sticky":false,"template":"","format":"standard","meta":{"footnotes":""},"categories":[458,459,447],"tags":[15033,15034,15031,15032],"class_list":["post-35918","post","type-post","status-publish","format-standard","has-post-thumbnail","","category-dunya1","category-haberler-arap-uluslararasi-politika","category-politika","tag-iranin","tag-terore-karsi-mucadelede-suriye-ve-iraka-yardim-sunmaya-devam-edecegini-dile-getirerek-bolge-devletlerinin-guvenliginin-ayni-zamanda-iranin-guvenligi-oldugunu-belirtti","tag-velayati-iran-terore-karsi-mucadelede-suriyeyi-desteklemeyi-surdurecek","tag-velayati-iran-terore-karsi-mucadelede-suriyeyi-desteklemeyi-surdurecek-tahran-iran-islam-devrimi-onderinin-uluslararasi-islerden-sorumlu-mustesari-ali-ekber-velayeti"],"_links":{"self":[{"href":"https:\/\/archive.sana.sy\/tr\/index.php?rest_route=\/wp\/v2\/posts\/35918","targetHints":{"allow":["GET"]}}],"collection":[{"href":"https:\/\/archive.sana.sy\/tr\/index.php?rest_route=\/wp\/v2\/posts"}],"about":[{"href":"https:\/\/archive.sana.sy\/tr\/index.php?rest_route=\/wp\/v2\/types\/post"}],"author":[{"embeddable":true,"href":"https:\/\/archive.sana.sy\/tr\/index.php?rest_route=\/wp\/v2\/users\/1"}],"replies":[{"embeddable":true,"href":"https:\/\/archive.sana.sy\/tr\/index.php?rest_route=%2Fwp%2Fv2%2Fcomments&post=35918"}],"version-history":[{"count":0,"href":"https:\/\/archive.sana.sy\/tr\/index.php?rest_route=\/wp\/v2\/posts\/35918\/revisions"}],"wp:featuredmedia":[{"embeddable":true,"href":"https:\/\/archive.sana.sy\/tr\/index.php?rest_route=\/wp\/v2\/media\/5668"}],"wp:attachment":[{"href":"https:\/\/archive.sana.sy\/tr\/index.php?rest_route=%2Fwp%2Fv2%2Fmedia&parent=35918"}],"wp:term":[{"taxonomy":"category","embeddable":true,"href":"https:\/\/archive.sana.sy\/tr\/index.php?rest_route=%2Fwp%2Fv2%2Fcategories&post=35918"},{"taxonomy":"post_tag","embeddable":true,"href":"https:\/\/archive.sana.sy\/tr\/index.php?rest_route=%2Fwp%2Fv2%2Ftags&post=35918"}],"curies":[{"name":"wp","href":"https:\/\/api.w.org\/{rel}","templated":true}]}}