{"id":35930,"date":"2015-06-07T12:22:18","date_gmt":"2015-06-07T09:22:18","guid":{"rendered":"http:\/\/sana.sy\/tr\/?p=35930"},"modified":"2015-06-07T12:22:18","modified_gmt":"2015-06-07T09:22:18","slug":"el-menar-kanali-lubnan-direnisinin-ersal-daglik-bolgesindeki-uveys-etnin-el-hayl-ve-el-kasira-vadilerine-bakan-ersal-daglarinin-guneydogusundaki-kirnet-el-tennur-tepelerini-kontrolleri-altina-aldig","status":"publish","type":"post","link":"https:\/\/archive.sana.sy\/tr\/?p=35930","title":{"rendered":"El Menar Kanal\u0131: L\u00fcbnan direni\u015finin Ersal da\u011fl\u0131k b\u00f6lgesindeki Uveys, Etnin, el Hayl ve el Kasira Vadilerine bakan Ersal Da\u011flar\u0131n\u0131n g\u00fcneydo\u011fusundaki K\u0131rnet el Tennur tepelerini kontrolleri alt\u0131na ald\u0131\u011f\u0131n\u0131 belirtti."},"content":{"rendered":"<p>El Menar Kanal\u0131: L\u00fcbnan direni\u015finin Ersal da\u011fl\u0131k b\u00f6lgesindeki Uveys, Etnin, el Hayl ve el Kasira Vadilerine bakan Ersal Da\u011flar\u0131n\u0131n g\u00fcneydo\u011fusundaki K\u0131rnet el Tennur tepelerini kontrolleri alt\u0131na ald\u0131\u011f\u0131n\u0131 belirtti.<\/p>\n","protected":false},"excerpt":{"rendered":"<p>El Menar Kanal\u0131: L\u00fcbnan direni\u015finin Ersal da\u011fl\u0131k b\u00f6lgesindeki Uveys, Etnin, el Hayl ve el Kasira Vadilerine bakan Ersal Da\u011flar\u0131n\u0131n g\u00fcneydo\u011fusundaki K\u0131rnet el Tennur tepelerini kontrolleri alt\u0131na ald\u0131\u011f\u0131n\u0131 belirtti.<\/p>\n","protected":false},"author":1,"featured_media":0,"comment_status":"closed","ping_status":"closed","sticky":false,"template":"","format":"standard","meta":{"footnotes":""},"categories":[1],"tags":[15039,15037,15038],"class_list":["post-35930","post","type-post","status-publish","format-standard","","category-news-not-sorted","tag-el-hayl-ve-el-kasira-vadilerine-bakan-ersal-daglarinin-guneydogusundaki-kirnet-el-tennur-tepelerini-kontrolleri-altina-aldigini-belirtti","tag-el-menar-kanali-lubnan-direnisinin-ersal-daglik-bolgesindeki-uveys","tag-etnin"],"_links":{"self":[{"href":"https:\/\/archive.sana.sy\/tr\/index.php?rest_route=\/wp\/v2\/posts\/35930","targetHints":{"allow":["GET"]}}],"collection":[{"href":"https:\/\/archive.sana.sy\/tr\/index.php?rest_route=\/wp\/v2\/posts"}],"about":[{"href":"https:\/\/archive.sana.sy\/tr\/index.php?rest_route=\/wp\/v2\/types\/post"}],"author":[{"embeddable":true,"href":"https:\/\/archive.sana.sy\/tr\/index.php?rest_route=\/wp\/v2\/users\/1"}],"replies":[{"embeddable":true,"href":"https:\/\/archive.sana.sy\/tr\/index.php?rest_route=%2Fwp%2Fv2%2Fcomments&post=35930"}],"version-history":[{"count":0,"href":"https:\/\/archive.sana.sy\/tr\/index.php?rest_route=\/wp\/v2\/posts\/35930\/revisions"}],"wp:attachment":[{"href":"https:\/\/archive.sana.sy\/tr\/index.php?rest_route=%2Fwp%2Fv2%2Fmedia&parent=35930"}],"wp:term":[{"taxonomy":"category","embeddable":true,"href":"https:\/\/archive.sana.sy\/tr\/index.php?rest_route=%2Fwp%2Fv2%2Fcategories&post=35930"},{"taxonomy":"post_tag","embeddable":true,"href":"https:\/\/archive.sana.sy\/tr\/index.php?rest_route=%2Fwp%2Fv2%2Ftags&post=35930"}],"curies":[{"name":"wp","href":"https:\/\/api.w.org\/{rel}","templated":true}]}}