{"id":36005,"date":"2015-06-07T19:53:32","date_gmt":"2015-06-07T16:53:32","guid":{"rendered":"http:\/\/sana.sy\/tr\/?p=36005"},"modified":"2015-06-07T19:56:25","modified_gmt":"2015-06-07T16:56:25","slug":"halaki-suriye-halki-birlik-ve-butunlugunu-butun-dunyaya-defalarca-kanitladi","status":"publish","type":"post","link":"https:\/\/archive.sana.sy\/tr\/?p=36005","title":{"rendered":"Halaki: Suriye Halk\u0131 Birlik ve B\u00fct\u00fcnl\u00fc\u011f\u00fcn\u00fc B\u00fct\u00fcn D\u00fcnyaya Defalarca Kan\u0131tlad\u0131"},"content":{"rendered":"<p>\u015eAM \u2013 Ba\u015fbakan Vail el Halaki, ter\u00f6r ma\u011fdurlar\u0131na hizmet ve yard\u0131m \u00e7al\u0131\u015fmalar\u0131nda h\u00fck\u00fcmet ile sivil toplum \u00f6rg\u00fctleri aras\u0131ndaki i\u015fbirli\u011fi ve koordinasyonun \u00f6nemine i\u015faret ederek ya\u015fad\u0131\u011f\u0131m\u0131z s\u00fcre\u00e7te insani yard\u0131m ve g\u00f6n\u00fcll\u00fc \u00e7al\u0131\u015fmalara b\u00fct\u00fcn vatan nezdinde ihtiya\u00e7 duyuldu\u011funu vurgulad\u0131.<\/p>\n<p><a href=\"http:\/\/sana.sy\/tr\/wp-content\/uploads\/2015\/06\/Halaki-11.jpg\"><img loading=\"lazy\" decoding=\"async\" class=\"alignright wp-image-36008 size-medium\" src=\"http:\/\/sana.sy\/tr\/wp-content\/uploads\/2015\/06\/Halaki-11-300x200.jpg\" alt=\"Halaki 1\" width=\"300\" height=\"200\" srcset=\"https:\/\/archive.sana.sy\/tr\/wp-content\/uploads\/2015\/06\/Halaki-11-300x200.jpg 300w, https:\/\/archive.sana.sy\/tr\/wp-content\/uploads\/2015\/06\/Halaki-11-150x100.jpg 150w, https:\/\/archive.sana.sy\/tr\/wp-content\/uploads\/2015\/06\/Halaki-11-1024x681.jpg 1024w\" sizes=\"auto, (max-width: 300px) 100vw, 300px\" \/><\/a>\u015eam Ahalisi Giri\u015fiminden Burhan el E\u015fref Ba\u015fkanl\u0131\u011f\u0131ndaki heyetle bir araya gelen Halaki, Suriye halk\u0131n\u0131n \u00fclkede ya\u015fanmakta olan kriz s\u00fcresince birlik, beraberlik ve b\u00fct\u00fcnl\u00fc\u011f\u00fcn\u00fcn hi\u00e7bir \u015fekilde par\u00e7alanamayaca\u011f\u0131n\u0131 d\u00fcnya aleme defalarca kan\u0131tlad\u0131\u011f\u0131n\u0131n alt\u0131n\u0131 \u00e7izdi.<\/p>\n<p>Suriye toplumunun birlik ve b\u00fct\u00fcnl\u00fc\u011f\u00fcn\u00fcn bir yans\u0131mas\u0131 olan \u015eam Ahalisi Giri\u015fiminin bu s\u00fcre\u00e7te oynad\u0131\u011f\u0131 rol\u00fc \u00f6vg\u00fcl\u00fc c\u00fcmlelerle dile getiren Halaki, insani yard\u0131m faaliyetlerinde g\u00f6n\u00fcll\u00fc \u00e7al\u0131\u015fma k\u00fclt\u00fcr\u00fcn\u00fc yaymas\u0131 y\u00f6n\u00fcyle bu giri\u015fimin ayr\u0131 bir anlam ve \u00f6nem ta\u015f\u0131d\u0131\u011f\u0131n\u0131 vurgulad\u0131.<\/p>\n<p>\u015eam Ahalisi Giri\u015fiminin \u00fclkenin b\u00fct\u00fcn illerinde insani yard\u0131m faaliyetleri kapsam\u0131nda y\u00fcr\u00fctt\u00fc\u011f\u00fc \u00e7al\u0131\u015fmalar\u0131na ili\u015fkin de\u011ferlendirmenin yap\u0131ld\u0131\u011f\u0131 toplant\u0131da, ter\u00f6r ma\u011fdurlar\u0131n\u0131n g\u0131da, giyim, \u00e7ocuklar i\u00e7in s\u00fct ve sa\u011fl\u0131k alan\u0131nda y\u00fcr\u00fct\u00fclen faaliyetlerin \u00f6nemi vurguland\u0131.<\/p>\n<p>\u00d6te yandan insani yard\u0131m \u00e7al\u0131\u015fmalar\u0131 s\u0131ras\u0131nda h\u00fck\u00fcmetin sundu\u011fu kolayl\u0131klar\u0131n ve deste\u011fin \u00e7al\u0131\u015fmalar\u0131n s\u00fcrmesini sa\u011flad\u0131\u011f\u0131na i\u015faret eden heyet \u00fcyeleri, ter\u00f6rden hasar g\u00f6ren b\u00f6lgelerin yeniden in\u015fa edilmesi s\u00fcrecinde b\u00fct\u00fcn Suriyelilerin omuz omuza \u00e7al\u0131\u015fmalar\u0131n\u0131 s\u00fcrd\u00fcreceklerinin alt\u0131n\u0131 \u00e7izdiler.<\/p>\n<p>F.B. &#8211; M.M.<\/p>\n","protected":false},"excerpt":{"rendered":"<p>\u015eAM \u2013 Ba\u015fbakan Vail el Halaki, ter\u00f6r ma\u011fdurlar\u0131na hizmet ve yard\u0131m \u00e7al\u0131\u015fmalar\u0131nda h\u00fck\u00fcmet ile sivil toplum \u00f6rg\u00fctleri aras\u0131ndaki i\u015fbirli\u011fi ve koordinasyonun \u00f6nemine i\u015faret ederek ya\u015fad\u0131\u011f\u0131m\u0131z s\u00fcre\u00e7te insani yard\u0131m ve g\u00f6n\u00fcll\u00fc \u00e7al\u0131\u015fmalara b\u00fct\u00fcn vatan nezdinde ihtiya\u00e7 duyuldu\u011funu vurgulad\u0131. \u015eam Ahalisi Giri\u015fiminden Burhan el E\u015fref Ba\u015fkanl\u0131\u011f\u0131ndaki heyetle bir araya gelen Halaki, Suriye halk\u0131n\u0131n \u00fclkede ya\u015fanmakta olan kriz &hellip;<\/p>\n","protected":false},"author":1,"featured_media":36007,"comment_status":"closed","ping_status":"closed","sticky":false,"template":"","format":"standard","meta":{"footnotes":""},"categories":[479,478],"tags":[15057],"class_list":["post-36005","post","type-post","status-publish","format-standard","has-post-thumbnail","","category-haberler-yerel","category-yerel","tag-halaki-suriye-halki-birlik-ve-butunlugunu-butun-dunyaya-defalarca-kanitladi"],"_links":{"self":[{"href":"https:\/\/archive.sana.sy\/tr\/index.php?rest_route=\/wp\/v2\/posts\/36005","targetHints":{"allow":["GET"]}}],"collection":[{"href":"https:\/\/archive.sana.sy\/tr\/index.php?rest_route=\/wp\/v2\/posts"}],"about":[{"href":"https:\/\/archive.sana.sy\/tr\/index.php?rest_route=\/wp\/v2\/types\/post"}],"author":[{"embeddable":true,"href":"https:\/\/archive.sana.sy\/tr\/index.php?rest_route=\/wp\/v2\/users\/1"}],"replies":[{"embeddable":true,"href":"https:\/\/archive.sana.sy\/tr\/index.php?rest_route=%2Fwp%2Fv2%2Fcomments&post=36005"}],"version-history":[{"count":0,"href":"https:\/\/archive.sana.sy\/tr\/index.php?rest_route=\/wp\/v2\/posts\/36005\/revisions"}],"wp:featuredmedia":[{"embeddable":true,"href":"https:\/\/archive.sana.sy\/tr\/index.php?rest_route=\/wp\/v2\/media\/36007"}],"wp:attachment":[{"href":"https:\/\/archive.sana.sy\/tr\/index.php?rest_route=%2Fwp%2Fv2%2Fmedia&parent=36005"}],"wp:term":[{"taxonomy":"category","embeddable":true,"href":"https:\/\/archive.sana.sy\/tr\/index.php?rest_route=%2Fwp%2Fv2%2Fcategories&post=36005"},{"taxonomy":"post_tag","embeddable":true,"href":"https:\/\/archive.sana.sy\/tr\/index.php?rest_route=%2Fwp%2Fv2%2Ftags&post=36005"}],"curies":[{"name":"wp","href":"https:\/\/api.w.org\/{rel}","templated":true}]}}