{"id":3605,"date":"2014-06-21T17:22:33","date_gmt":"2014-06-21T14:22:33","guid":{"rendered":"http:\/\/sanasyria.org\/tr\/?p=3605"},"modified":"2014-06-21T17:22:33","modified_gmt":"2014-06-21T14:22:33","slug":"uluslararasi-toplumun-ortadogunun-guvenligi-icin-calismalidir","status":"publish","type":"post","link":"https:\/\/archive.sana.sy\/tr\/?p=3605","title":{"rendered":"Uluslararas\u0131 Toplumun Ortado\u011fu\u2019nun G\u00fcvenli\u011fi \u0130\u00e7in \u00c7al\u0131\u015fmal\u0131d\u0131r"},"content":{"rendered":"<p>V\u0130YANA \u2013 Almanya D\u0131i\u015fleri Bakan\u0131 Frank-Walter Steinmeier; b\u00fct\u00fcn uluslararas\u0131 toplumun Ortado\u011fu b\u00f6lgesinin g\u00fcvenli\u011fini koruma \u00e7abalar\u0131na kat\u0131lmas\u0131 gere\u011fine i\u015faret ederek Irak ve kom\u015fular\u0131n\u0131n yan\u0131 s\u0131ra bar\u0131\u015f ve selametin gelece\u011fini g\u00fcvence alt\u0131na almak i\u00e7in ter\u00f6rle m\u00fccadelenin b\u00fcy\u00fck bir \u00f6nem ta\u015f\u0131d\u0131\u011f\u0131na dikkat \u00e7ekti.<\/p>\n<p>Avusturyal\u0131 Chorier Gazetesine bir a\u00e7\u0131klama yapan Steinmeier; \u201cIrak ve \u015eam\u2019da \u0130slam Devleti\u201d isimli ter\u00f6r grubuyla ilgili \u00e7ok dikkatli olunmas\u0131 gere\u011finin alt\u0131n\u0131 \u00e7izdi.<\/p>\n<p>Avrupa Birli\u011finin her zaman Ortado\u011fu b\u00f6lgesinin durulmas\u0131 i\u00e7in \u00e7aba harcad\u0131\u011f\u0131na de\u011finen Steinmeier; Almanya\u2019n\u0131n Irak\u2019a askeri g\u00fc\u00e7 g\u00f6ndermesinin uzak bir ihtimal oldu\u011funu belirtti.<\/p>\n","protected":false},"excerpt":{"rendered":"<p>V\u0130YANA \u2013 Almanya D\u0131i\u015fleri Bakan\u0131 Frank-Walter Steinmeier; b\u00fct\u00fcn uluslararas\u0131 toplumun Ortado\u011fu b\u00f6lgesinin g\u00fcvenli\u011fini koruma \u00e7abalar\u0131na kat\u0131lmas\u0131 gere\u011fine i\u015faret ederek Irak ve kom\u015fular\u0131n\u0131n yan\u0131 s\u0131ra bar\u0131\u015f ve selametin gelece\u011fini g\u00fcvence alt\u0131na almak i\u00e7in ter\u00f6rle m\u00fccadelenin b\u00fcy\u00fck bir \u00f6nem ta\u015f\u0131d\u0131\u011f\u0131na dikkat \u00e7ekti. Avusturyal\u0131 Chorier Gazetesine bir a\u00e7\u0131klama yapan Steinmeier; \u201cIrak ve \u015eam\u2019da \u0130slam Devleti\u201d isimli ter\u00f6r grubuyla &hellip;<\/p>\n","protected":false},"author":1,"featured_media":3606,"comment_status":"closed","ping_status":"closed","sticky":false,"template":"","format":"standard","meta":{"footnotes":""},"categories":[458,459,447],"tags":[785],"class_list":["post-3605","post","type-post","status-publish","format-standard","has-post-thumbnail","","category-dunya1","category-haberler-arap-uluslararasi-politika","category-politika","tag-uluslararasi-toplumun-ortadogunun-guvenligi-icin-calismalidir"],"_links":{"self":[{"href":"https:\/\/archive.sana.sy\/tr\/index.php?rest_route=\/wp\/v2\/posts\/3605","targetHints":{"allow":["GET"]}}],"collection":[{"href":"https:\/\/archive.sana.sy\/tr\/index.php?rest_route=\/wp\/v2\/posts"}],"about":[{"href":"https:\/\/archive.sana.sy\/tr\/index.php?rest_route=\/wp\/v2\/types\/post"}],"author":[{"embeddable":true,"href":"https:\/\/archive.sana.sy\/tr\/index.php?rest_route=\/wp\/v2\/users\/1"}],"replies":[{"embeddable":true,"href":"https:\/\/archive.sana.sy\/tr\/index.php?rest_route=%2Fwp%2Fv2%2Fcomments&post=3605"}],"version-history":[{"count":0,"href":"https:\/\/archive.sana.sy\/tr\/index.php?rest_route=\/wp\/v2\/posts\/3605\/revisions"}],"wp:featuredmedia":[{"embeddable":true,"href":"https:\/\/archive.sana.sy\/tr\/index.php?rest_route=\/wp\/v2\/media\/3606"}],"wp:attachment":[{"href":"https:\/\/archive.sana.sy\/tr\/index.php?rest_route=%2Fwp%2Fv2%2Fmedia&parent=3605"}],"wp:term":[{"taxonomy":"category","embeddable":true,"href":"https:\/\/archive.sana.sy\/tr\/index.php?rest_route=%2Fwp%2Fv2%2Fcategories&post=3605"},{"taxonomy":"post_tag","embeddable":true,"href":"https:\/\/archive.sana.sy\/tr\/index.php?rest_route=%2Fwp%2Fv2%2Ftags&post=3605"}],"curies":[{"name":"wp","href":"https:\/\/api.w.org\/{rel}","templated":true}]}}