{"id":36083,"date":"2015-06-08T11:53:41","date_gmt":"2015-06-08T08:53:41","guid":{"rendered":"http:\/\/sana.sy\/tr\/?p=36083"},"modified":"2015-06-08T11:53:41","modified_gmt":"2015-06-08T08:53:41","slug":"samdaki-meryemiye-katedralinde-antakyali-patriklerin-manevi-gorusmeleri-patrikler-x-yuhanna-yazici-mar-ignatius-ii-efram-kerim-iii-gregorios-lahham-mar-ignatius-iii-yusuf-yunan-kardi","status":"publish","type":"post","link":"https:\/\/archive.sana.sy\/tr\/?p=36083","title":{"rendered":"\u015eam\u2019daki Meryemiye Katedralinde Antakyal\u0131 Patriklerin manevi g\u00f6r\u00fc\u015fmeleri, Patrikler X. Yuhanna Yaz\u0131c\u0131, Mar Ignatius II. Efram Kerim, III. Gregorios Lahham, Mar \u0130gnatius III. Yusuf Yunan, Kardinal Mar Ba\u015fra Butros el Rai ve Papal\u0131k \u015eam B\u00fcy\u00fckel\u00e7isi Mario Zinari\u2019nin kat\u0131l\u0131m\u0131yla ba\u015flad\u0131."},"content":{"rendered":"<p>\u015eam\u2019daki Meryemiye Katedralinde Antakyal\u0131 Patriklerin manevi g\u00f6r\u00fc\u015fmeleri, Patrikler X. Yuhanna Yaz\u0131c\u0131, Mar Ignatius II. Efram Kerim, III. Gregorios Lahham, Mar \u0130gnatius III. Yusuf Yunan, Kardinal Mar Ba\u015fra Butros el Rai ve Papal\u0131k \u015eam B\u00fcy\u00fckel\u00e7isi Mario Zinari\u2019nin kat\u0131l\u0131m\u0131yla ba\u015flad\u0131.<\/p>\n","protected":false},"excerpt":{"rendered":"<p>\u015eam\u2019daki Meryemiye Katedralinde Antakyal\u0131 Patriklerin manevi g\u00f6r\u00fc\u015fmeleri, Patrikler X. Yuhanna Yaz\u0131c\u0131, Mar Ignatius II. Efram Kerim, III. Gregorios Lahham, Mar \u0130gnatius III. Yusuf Yunan, Kardinal Mar Ba\u015fra Butros el Rai ve Papal\u0131k \u015eam B\u00fcy\u00fckel\u00e7isi Mario Zinari\u2019nin kat\u0131l\u0131m\u0131yla ba\u015flad\u0131.<\/p>\n","protected":false},"author":1,"featured_media":0,"comment_status":"closed","ping_status":"closed","sticky":false,"template":"","format":"standard","meta":{"footnotes":""},"categories":[1],"tags":[],"class_list":["post-36083","post","type-post","status-publish","format-standard","","category-news-not-sorted"],"_links":{"self":[{"href":"https:\/\/archive.sana.sy\/tr\/index.php?rest_route=\/wp\/v2\/posts\/36083","targetHints":{"allow":["GET"]}}],"collection":[{"href":"https:\/\/archive.sana.sy\/tr\/index.php?rest_route=\/wp\/v2\/posts"}],"about":[{"href":"https:\/\/archive.sana.sy\/tr\/index.php?rest_route=\/wp\/v2\/types\/post"}],"author":[{"embeddable":true,"href":"https:\/\/archive.sana.sy\/tr\/index.php?rest_route=\/wp\/v2\/users\/1"}],"replies":[{"embeddable":true,"href":"https:\/\/archive.sana.sy\/tr\/index.php?rest_route=%2Fwp%2Fv2%2Fcomments&post=36083"}],"version-history":[{"count":0,"href":"https:\/\/archive.sana.sy\/tr\/index.php?rest_route=\/wp\/v2\/posts\/36083\/revisions"}],"wp:attachment":[{"href":"https:\/\/archive.sana.sy\/tr\/index.php?rest_route=%2Fwp%2Fv2%2Fmedia&parent=36083"}],"wp:term":[{"taxonomy":"category","embeddable":true,"href":"https:\/\/archive.sana.sy\/tr\/index.php?rest_route=%2Fwp%2Fv2%2Fcategories&post=36083"},{"taxonomy":"post_tag","embeddable":true,"href":"https:\/\/archive.sana.sy\/tr\/index.php?rest_route=%2Fwp%2Fv2%2Ftags&post=36083"}],"curies":[{"name":"wp","href":"https:\/\/api.w.org\/{rel}","templated":true}]}}