{"id":36155,"date":"2015-06-09T10:01:40","date_gmt":"2015-06-09T07:01:40","guid":{"rendered":"http:\/\/sana.sy\/tr\/?p=36155"},"modified":"2015-06-09T13:42:28","modified_gmt":"2015-06-09T10:42:28","slug":"patrik-ii-efram-kerim-turk-halki-dost-ve-komsu-halktir-uluslararasi-toplum-suriyedeki-roluyle-ilgili-akpden-hesap-sormali","status":"publish","type":"post","link":"https:\/\/archive.sana.sy\/tr\/?p=36155","title":{"rendered":"Patrik II. Efram Kerim: T\u00fcrk Halk\u0131 Dost ve Kom\u015fu Halkt\u0131r"},"content":{"rendered":"<p>\u015eAM \u2013 Antakya ve T\u00fcm Do\u011fu Rum Ortodoks Patri\u011fi, D\u00fcnya S\u00fcryani Ortodoks Kilisesi Y\u00fcksek Ba\u015fkan\u0131 Mar \u0130gnatius II.Efram Kerim, baz\u0131 bat\u0131l\u0131 \u00fclkelerin Suriye\u2019deki ter\u00f6rist \u00f6rg\u00fctlere silah temin etme, e\u011fitme ve b\u00f6lge \u00fclkelerine d\u00fcnyan\u0131n d\u00f6rt bir yan\u0131ndan Suriye\u2019ye ak\u0131n eden ter\u00f6ristler \u00f6n\u00fcnde s\u0131n\u0131rlar\u0131n\u0131 kapatmak i\u00e7in bask\u0131 uygulamama yoluyla halen \u00f6rt\u00fc sa\u011flad\u0131\u011f\u0131n\u0131 belirtti.<\/p>\n<p>Patrik Kerim, s\u00f6z konusu \u00fclkelerin \u00e7\u0131karlar\u0131n\u0131 ileriye g\u00f6t\u00fcrmek i\u00e7in b\u00f6lgede cereyan eden ter\u00f6rist eylemleri istismar ettiklerine i\u015faret etti.<\/p>\n<p>Patrik Kerim d\u00fcn ak\u015fam Suriye televizyonunun kendisiyle d\u00fczenledi\u011fi programda, d\u00fcnyan\u0131n insanl\u0131\u011fa kar\u015f\u0131 Suriye\u2019de i\u015flenen ter\u00f6r eylemlerini seyretmekle kalmay\u0131p legal veya illegal yollarla bu i\u015fin i\u00e7ine girdi\u011fini \u00e7\u00fcnk\u00fc bu su\u00e7lar\u0131 g\u00f6rmezden gelme veya susman\u0131n da bir su\u00e7 te\u015fkil etti\u011fini s\u00f6yledi.<\/p>\n<p>Patrik Kerim, Suriye\u2019yi hedef alan ter\u00f6r\u00fcn hedefinin Suriye Arap ordusunu yok etmek ve Suriye h\u00fck\u00fcmetini zay\u0131flatmak oldu\u011funu a\u00e7\u0131klad\u0131.<\/p>\n<p>BM Suriye \u00f6zel temsilcisi Stafan De Mistura ile g\u00f6r\u00fc\u015fmeleri ile ilgiliyse Patrik Kerim, b\u00fct\u00fcn Suriyelilerin bar\u0131\u015f yanl\u0131s\u0131 olduklar\u0131n\u0131\u00a0 ve sava\u015f\u0131n sona ermesini temenni ettiklerini belirten bir mesaj verdiklerini, kendisinden ayr\u0131ca Suriye topraklar\u0131 \u00fczerinde tercih edilen b\u00fct\u00fcn taraflar\u0131n bir masaya oturup Suriye h\u00fck\u00fcmetiyle diyaloga oturmalar\u0131 i\u00e7in bask\u0131 uygulamas\u0131n\u0131 ve hep birlikte \u00fclkelerinin gelece\u011fini belirleme ve bar\u0131\u015f\u0131 sa\u011flamaya yol a\u00e7acak diyaloga varmalar\u0131 yolunda, muhalefet \u00fczerinde etkisi olan taraflara bask\u0131 uygulamalar\u0131 i\u00e7in BM ile \u00e7al\u0131\u015fma \u00e7a\u011fr\u0131s\u0131 yapt\u0131klar\u0131n\u0131 belirtti.<\/p>\n<p>Suriye\u2019deki H\u0131ristiyanlar\u0131n, me\u015fruiyet, h\u00fck\u00fcmet, bar\u0131\u015f ve g\u00fcven yan\u0131 s\u0131ra babalar\u0131 ve atalar\u0131n\u0131n topraklar\u0131na ba\u011fl\u0131l\u0131klar\u0131n\u0131 temsil eden tutumlar\u0131n\u0131 de\u011fi\u015ftirmeyeceklerini belirten Patrik Kerim, din adamlar\u0131n\u0131n g\u00f6revinin ger\u00e7ekleri ta\u015f\u0131mak oldu\u011funu, Amerika ve baz\u0131 Avrupa \u00fclkelerindeki Suriyelilerle g\u00f6r\u00fc\u015fmesinde ise Suriye\u2019de cereyan edenlere y\u00f6nelik dezenformasyonlu ve sad\u0131k olmayan batl\u0131 medya organlar\u0131n\u0131n s\u00f6ylediklerine inanmamaya \u00e7a\u011fr\u0131 yapt\u0131.<\/p>\n<p>T\u00fcrk toplumunun \u00f6zellikle Suriye\u2019deki krizin ba\u015f\u0131ndan beri s\u00f6zde insani yard\u0131mlar ad\u0131 alt\u0131nda Suriye\u2019deki ter\u00f6ristlere silah g\u00f6nderdi\u011fini g\u00f6steren silah dolu ara\u00e7lar\u0131n g\u00f6r\u00fcnt\u00fclerinin yay\u0131nlanmas\u0131 ard\u0131ndan AKP h\u00fck\u00fcmetinin yapt\u0131klar\u0131yla ilgili son olarak T\u00fcrk rejiminin ba\u015fkan\u0131 Recep Tayyip Erdo\u011fan\u2019dan a\u00e7\u0131klamalar ve cevaplar vermesini talep ettiklerini belirten Patrik Kerim, T\u00fcrk halk\u0131n\u0131n dost ve kom\u015fu halk oldu\u011funu ve AKP\u2019nin Suriye\u2019deki m\u00fcdahalelerine y\u00f6nelik ciddi tutumlar almaya ba\u015flad\u0131\u011f\u0131n\u0131 ifade etti.<\/p>\n<p>Patrik II. Efram Kerim; \u201cE\u011fer uluslararas\u0131 toplum Suriye\u2019deki krizin \u00e7\u00f6z\u00fclmesi ve Suriye\u2019ye y\u00f6nelik sald\u0131r\u0131n\u0131n durdurulmas\u0131ndan yana ciddi ise, T\u00fcrkiye h\u00fck\u00fcmetine Suriye\u2019deki krizin b\u00fcy\u00fcmesindeki hareket ve rol\u00fc ile Suriye\u2019deki sava\u015f\u0131 k\u00f6r\u00fcklemesinden hesap sormas\u0131 gerekti\u011fini vurgulad\u0131.<\/p>\n<p>S.\u015e. &#8211; R.H.<\/p>\n","protected":false},"excerpt":{"rendered":"<p>\u015eAM \u2013 Antakya ve T\u00fcm Do\u011fu Rum Ortodoks Patri\u011fi, D\u00fcnya S\u00fcryani Ortodoks Kilisesi Y\u00fcksek Ba\u015fkan\u0131 Mar \u0130gnatius II.Efram Kerim, baz\u0131 bat\u0131l\u0131 \u00fclkelerin Suriye\u2019deki ter\u00f6rist \u00f6rg\u00fctlere silah temin etme, e\u011fitme ve b\u00f6lge \u00fclkelerine d\u00fcnyan\u0131n d\u00f6rt bir yan\u0131ndan Suriye\u2019ye ak\u0131n eden ter\u00f6ristler \u00f6n\u00fcnde s\u0131n\u0131rlar\u0131n\u0131 kapatmak i\u00e7in bask\u0131 uygulamama yoluyla halen \u00f6rt\u00fc sa\u011flad\u0131\u011f\u0131n\u0131 belirtti. Patrik Kerim, s\u00f6z konusu &hellip;<\/p>\n","protected":false},"author":1,"featured_media":36178,"comment_status":"closed","ping_status":"closed","sticky":false,"template":"","format":"standard","meta":{"footnotes":""},"categories":[479,447,2554,2555,478],"tags":[15096,15095,15097,15093,15094],"class_list":["post-36155","post","type-post","status-publish","format-standard","has-post-thumbnail","","category-haberler-yerel","category-politika","category-suriye-ve-dunya","category-suriye-ve-turkiye","category-yerel","tag-bazi-batili-ulkelerin-suriyedeki-terorist-orgutlere-silah-temin-etme","tag-dunya-suryani-ortodoks-kilisesi-yuksek-baskani-mar-ignatius-ii-efram-kerim","tag-egitme-ve-bolge-ulkelerine-dunyanin-dort-bir-yanindan-suriyeye-akin-eden-teroristler-onunde-sinirlarini-kapatmak-icin-baski-uygulamama-yoluyla-halen-ortu-sagladigini-belirtti","tag-patrik-ii-efram-kerim-turk-halki-dost-ve-komsu-halktir","tag-uluslararasi-toplum-suriyedeki-roluyle-ilgili-akpden-hesap-sormali-sam-antakya-ve-tum-dogu-rum-ortodoks-patrigi"],"_links":{"self":[{"href":"https:\/\/archive.sana.sy\/tr\/index.php?rest_route=\/wp\/v2\/posts\/36155","targetHints":{"allow":["GET"]}}],"collection":[{"href":"https:\/\/archive.sana.sy\/tr\/index.php?rest_route=\/wp\/v2\/posts"}],"about":[{"href":"https:\/\/archive.sana.sy\/tr\/index.php?rest_route=\/wp\/v2\/types\/post"}],"author":[{"embeddable":true,"href":"https:\/\/archive.sana.sy\/tr\/index.php?rest_route=\/wp\/v2\/users\/1"}],"replies":[{"embeddable":true,"href":"https:\/\/archive.sana.sy\/tr\/index.php?rest_route=%2Fwp%2Fv2%2Fcomments&post=36155"}],"version-history":[{"count":0,"href":"https:\/\/archive.sana.sy\/tr\/index.php?rest_route=\/wp\/v2\/posts\/36155\/revisions"}],"wp:featuredmedia":[{"embeddable":true,"href":"https:\/\/archive.sana.sy\/tr\/index.php?rest_route=\/wp\/v2\/media\/36178"}],"wp:attachment":[{"href":"https:\/\/archive.sana.sy\/tr\/index.php?rest_route=%2Fwp%2Fv2%2Fmedia&parent=36155"}],"wp:term":[{"taxonomy":"category","embeddable":true,"href":"https:\/\/archive.sana.sy\/tr\/index.php?rest_route=%2Fwp%2Fv2%2Fcategories&post=36155"},{"taxonomy":"post_tag","embeddable":true,"href":"https:\/\/archive.sana.sy\/tr\/index.php?rest_route=%2Fwp%2Fv2%2Ftags&post=36155"}],"curies":[{"name":"wp","href":"https:\/\/api.w.org\/{rel}","templated":true}]}}