{"id":3617,"date":"2014-04-18T10:40:00","date_gmt":"2014-04-18T07:40:00","guid":{"rendered":"http:\/\/www.sana.sy\/tr\/?p=3617"},"modified":"2014-06-22T10:41:29","modified_gmt":"2014-06-22T07:41:29","slug":"libya-suriyeden-donen-tekfircilerin-ana-karargahi-olacak","status":"publish","type":"post","link":"https:\/\/archive.sana.sy\/tr\/?p=3617","title":{"rendered":"Libya, Suriye&#8217;den D\u00f6nen Tekfircilerin Ana Karargah\u0131 Olacak"},"content":{"rendered":"<p><span style=\"color: #800000\">TRABLUS \u2013<\/span> Libyal\u0131 haber kaynaklar\u0131; ABD, Bat\u0131l\u0131 kimi devletler, \u0130srail ve Arap k\u00f6rfez devletlerinin istihbarat cihazlar\u0131n\u0131n Libya\u2019y\u0131 Suriye&#8217;den d\u00f6nen tekfirci ve radikal ter\u00f6r \u00e7etelerinin ana karargah\u0131 yapmak i\u00e7in gizli planlar haz\u0131rlamakta olduklar\u0131n\u0131 ortaya \u00e7\u0131kard\u0131.<\/p>\n<p>Kaynaklar ad\u0131n\u0131n a\u00e7\u0131klanmas\u0131n\u0131 istemeyen bilgi sahibi bir kaynaktan naklen; s\u00f6z konsu devlet istihbaratlar\u0131n\u0131n Suriye&#8217;yi tekfirci ve radikallerin ana karargah\u0131 haline getirme planlar\u0131nda ba\u015far\u0131s\u0131z olmalar\u0131 ard\u0131ndan Libya\u2019y\u0131 Suriye ve daha ba\u015fka yerlerden d\u00f6nen tekfircilerin ana merkezi haline getirmeye \u00e7al\u0131\u015ft\u0131klar\u0131n\u0131 ifade etti.<\/p>\n<p>Libya&#8217;n\u0131n ABD ve Bat\u0131n\u0131n deste\u011fi Araplar\u0131n da elleriyle tekfircilerin kontrol\u00fcnde olaca\u011f\u0131na dikkat \u00e7eken kaynaklar; b\u00f6ylece Avrupal\u0131 ve daha ba\u015fka devletlerden radikallerin \u00fclkelerine d\u00f6nmeleri ve orada ter\u00f6r faaliyetlerinde bulunmalar\u0131 tehlikesini \u00f6nleme planlar\u0131 yap\u0131ld\u0131\u011f\u0131n\u0131 kaydettiler.<\/p>\n<p>Kaynaklar daha sonra gerekmesi durumunda bu tekfirci ve radikallerin yok edilme ihtimalinin oldu\u011funa i\u015faret ederken, bu planlarla Libya&#8217;n\u0131n uzun bir s\u00fcre\u00e7te \u00e7at\u0131\u015fma alan\u0131 olarak kalaca\u011f\u0131n\u0131 belirtti.<\/p>\n","protected":false},"excerpt":{"rendered":"<p>TRABLUS \u2013 Libyal\u0131 haber kaynaklar\u0131; ABD, Bat\u0131l\u0131 kimi devletler, \u0130srail ve Arap k\u00f6rfez devletlerinin istihbarat cihazlar\u0131n\u0131n Libya\u2019y\u0131 Suriye&#8217;den d\u00f6nen tekfirci ve radikal ter\u00f6r \u00e7etelerinin ana karargah\u0131 yapmak i\u00e7in gizli planlar haz\u0131rlamakta olduklar\u0131n\u0131 ortaya \u00e7\u0131kard\u0131. Kaynaklar ad\u0131n\u0131n a\u00e7\u0131klanmas\u0131n\u0131 istemeyen bilgi sahibi bir kaynaktan naklen; s\u00f6z konsu devlet istihbaratlar\u0131n\u0131n Suriye&#8217;yi tekfirci ve radikallerin ana karargah\u0131 haline getirme &hellip;<\/p>\n","protected":false},"author":1,"featured_media":3613,"comment_status":"closed","ping_status":"closed","sticky":false,"template":"","format":"standard","meta":{"footnotes":""},"categories":[556,559],"tags":[787,788],"class_list":["post-3617","post","type-post","status-publish","format-standard","has-post-thumbnail","","category-basin","category-dunya-basini","tag-libya","tag-suriyeden-donen-tekfircilerin-ana-karargahi-olacak"],"_links":{"self":[{"href":"https:\/\/archive.sana.sy\/tr\/index.php?rest_route=\/wp\/v2\/posts\/3617","targetHints":{"allow":["GET"]}}],"collection":[{"href":"https:\/\/archive.sana.sy\/tr\/index.php?rest_route=\/wp\/v2\/posts"}],"about":[{"href":"https:\/\/archive.sana.sy\/tr\/index.php?rest_route=\/wp\/v2\/types\/post"}],"author":[{"embeddable":true,"href":"https:\/\/archive.sana.sy\/tr\/index.php?rest_route=\/wp\/v2\/users\/1"}],"replies":[{"embeddable":true,"href":"https:\/\/archive.sana.sy\/tr\/index.php?rest_route=%2Fwp%2Fv2%2Fcomments&post=3617"}],"version-history":[{"count":0,"href":"https:\/\/archive.sana.sy\/tr\/index.php?rest_route=\/wp\/v2\/posts\/3617\/revisions"}],"wp:featuredmedia":[{"embeddable":true,"href":"https:\/\/archive.sana.sy\/tr\/index.php?rest_route=\/wp\/v2\/media\/3613"}],"wp:attachment":[{"href":"https:\/\/archive.sana.sy\/tr\/index.php?rest_route=%2Fwp%2Fv2%2Fmedia&parent=3617"}],"wp:term":[{"taxonomy":"category","embeddable":true,"href":"https:\/\/archive.sana.sy\/tr\/index.php?rest_route=%2Fwp%2Fv2%2Fcategories&post=3617"},{"taxonomy":"post_tag","embeddable":true,"href":"https:\/\/archive.sana.sy\/tr\/index.php?rest_route=%2Fwp%2Fv2%2Ftags&post=3617"}],"curies":[{"name":"wp","href":"https:\/\/api.w.org\/{rel}","templated":true}]}}