{"id":36200,"date":"2015-06-09T12:20:28","date_gmt":"2015-06-09T09:20:28","guid":{"rendered":"http:\/\/sana.sy\/tr\/?p=36200"},"modified":"2015-06-09T13:25:17","modified_gmt":"2015-06-09T10:25:17","slug":"besicilik-amaciyla-ithal-edilen-inekler-vergiden-muaf-tutuluyor","status":"publish","type":"post","link":"https:\/\/archive.sana.sy\/tr\/?p=36200","title":{"rendered":"Besicilik Amac\u0131yla \u0130thal Edilen \u0130nekler Vergiden Muaf Tutuluyor"},"content":{"rendered":"<p>\u015eAM &#8211; Cumhurba\u015fkan\u0131 Be\u015f\u015far el Esad bug\u00fcn, yurt d\u0131\u015f\u0131ndan besicilik amac\u0131yla ithal edilen ineklerin g\u00fcmr\u00fck vergileri ve di\u011fer har\u00e7lardan\u00a0 muaf tutulmas\u0131n\u0131 \u00f6ng\u00f6ren 2015\/30 say\u0131l\u0131 yasama karar\u0131n\u0131 onaylad\u0131.<\/p>\n<p>Yasama karar\u0131, ithal edilen besicilik inekleri\u00a0 iki y\u0131l vergi ve har\u00e7lardan muaf tutulurken, ithalat lisanslar\u0131 daha \u00f6nce Tar\u0131m Bakanl\u0131\u011f\u0131 taraf\u0131ndan verilen onaya binaen veriliyor.<\/p>\n<p>S.\u015e. &#8211; R.H.<\/p>\n","protected":false},"excerpt":{"rendered":"<p>\u015eAM &#8211; Cumhurba\u015fkan\u0131 Be\u015f\u015far el Esad bug\u00fcn, yurt d\u0131\u015f\u0131ndan besicilik amac\u0131yla ithal edilen ineklerin g\u00fcmr\u00fck vergileri ve di\u011fer har\u00e7lardan\u00a0 muaf tutulmas\u0131n\u0131 \u00f6ng\u00f6ren 2015\/30 say\u0131l\u0131 yasama karar\u0131n\u0131 onaylad\u0131. Yasama karar\u0131, ithal edilen besicilik inekleri\u00a0 iki y\u0131l vergi ve har\u00e7lardan muaf tutulurken, ithalat lisanslar\u0131 daha \u00f6nce Tar\u0131m Bakanl\u0131\u011f\u0131 taraf\u0131ndan verilen onaya binaen veriliyor. S.\u015e. &#8211; R.H.<\/p>\n","protected":false},"author":1,"featured_media":36201,"comment_status":"closed","ping_status":"closed","sticky":false,"template":"","format":"standard","meta":{"footnotes":""},"categories":[605,612,599],"tags":[15098,15099],"class_list":["post-36200","post","type-post","status-publish","format-standard","has-post-thumbnail","","category-sayin-cumhurbaskani","category-yasama-kararnameler","category-yasama-ve-kanunlar","tag-besicilik-amaciyla-ithal-edilen-inekler-vergiden-muaf-tutuluyor-sam-cumhurbaskani-bessar-el-esad-bugun","tag-yurt-disindan-besicilik-amaciyla-ithal-edilen-ineklerin-gumruk-vergileri-ve-diger-harclardan-muaf-tutulmasina-iliskin-201530-sayili-yasama-kararini-onayladi"],"_links":{"self":[{"href":"https:\/\/archive.sana.sy\/tr\/index.php?rest_route=\/wp\/v2\/posts\/36200","targetHints":{"allow":["GET"]}}],"collection":[{"href":"https:\/\/archive.sana.sy\/tr\/index.php?rest_route=\/wp\/v2\/posts"}],"about":[{"href":"https:\/\/archive.sana.sy\/tr\/index.php?rest_route=\/wp\/v2\/types\/post"}],"author":[{"embeddable":true,"href":"https:\/\/archive.sana.sy\/tr\/index.php?rest_route=\/wp\/v2\/users\/1"}],"replies":[{"embeddable":true,"href":"https:\/\/archive.sana.sy\/tr\/index.php?rest_route=%2Fwp%2Fv2%2Fcomments&post=36200"}],"version-history":[{"count":0,"href":"https:\/\/archive.sana.sy\/tr\/index.php?rest_route=\/wp\/v2\/posts\/36200\/revisions"}],"wp:featuredmedia":[{"embeddable":true,"href":"https:\/\/archive.sana.sy\/tr\/index.php?rest_route=\/wp\/v2\/media\/36201"}],"wp:attachment":[{"href":"https:\/\/archive.sana.sy\/tr\/index.php?rest_route=%2Fwp%2Fv2%2Fmedia&parent=36200"}],"wp:term":[{"taxonomy":"category","embeddable":true,"href":"https:\/\/archive.sana.sy\/tr\/index.php?rest_route=%2Fwp%2Fv2%2Fcategories&post=36200"},{"taxonomy":"post_tag","embeddable":true,"href":"https:\/\/archive.sana.sy\/tr\/index.php?rest_route=%2Fwp%2Fv2%2Ftags&post=36200"}],"curies":[{"name":"wp","href":"https:\/\/api.w.org\/{rel}","templated":true}]}}