{"id":3623,"date":"2014-06-22T11:39:45","date_gmt":"2014-06-22T08:39:45","guid":{"rendered":"http:\/\/www.sana.sy\/tr\/?p=3623"},"modified":"2014-06-22T16:15:26","modified_gmt":"2014-06-22T13:15:26","slug":"genclik-sinemasi-ve-kisa-film-festivali-faaliyetlerini-noktaladi","status":"publish","type":"post","link":"https:\/\/archive.sana.sy\/tr\/?p=3623","title":{"rendered":"Gen\u00e7lik Sinemas\u0131 ve K\u0131sa Film Festivali Faaliyetlerini Noktalad\u0131"},"content":{"rendered":"<p>\u015eAM \u2013 Gen\u00e7lik Sinemas\u0131 ve K\u0131sa Film Festivali d\u00fcn \u015eam\u2019da Opera K\u00fclt\u00fcr Merkezinde, sinemac\u0131, sanat\u00e7\u0131 ve sanat \u00e2\u015f\u0131klar\u0131ndan olu\u015fan kitlesel bir kat\u0131l\u0131mla finalini yapt\u0131.<\/p>\n<p>Faaliyetlerine 16 Haziranda ba\u015flayan festival kapsam\u0131nda 50\u2019ye yak\u0131n k\u0131sa film ve belgesel g\u00f6sterime sunuldu.<\/p>\n<p>Festivalin kapan\u0131\u015f t\u00f6reninde; en iyi film, en iyi senaryo, en iyi y\u00f6netmen ve en iyi oyuncu \u00f6d\u00fclleri sahiplerine takdim edildi.<\/p>\n<p><a href=\"http:\/\/www.sana.sy\/tr\/wp-content\/uploads\/2014\/06\/sinema-21.jpg\"><img loading=\"lazy\" decoding=\"async\" class=\"aligncenter wp-image-3632 size-full\" src=\"http:\/\/www.sana.sy\/tr\/wp-content\/uploads\/2014\/06\/sinema-21.jpg\" alt=\"sinema 2\" width=\"620\" height=\"330\" srcset=\"https:\/\/archive.sana.sy\/tr\/wp-content\/uploads\/2014\/06\/sinema-21.jpg 620w, https:\/\/archive.sana.sy\/tr\/wp-content\/uploads\/2014\/06\/sinema-21-150x79.jpg 150w, https:\/\/archive.sana.sy\/tr\/wp-content\/uploads\/2014\/06\/sinema-21-300x160.jpg 300w\" sizes=\"auto, (max-width: 620px) 100vw, 620px\" \/><\/a><\/p>\n","protected":false},"excerpt":{"rendered":"<p>\u015eAM \u2013 Gen\u00e7lik Sinemas\u0131 ve K\u0131sa Film Festivali d\u00fcn \u015eam\u2019da Opera K\u00fclt\u00fcr Merkezinde, sinemac\u0131, sanat\u00e7\u0131 ve sanat \u00e2\u015f\u0131klar\u0131ndan olu\u015fan kitlesel bir kat\u0131l\u0131mla finalini yapt\u0131. Faaliyetlerine 16 Haziranda ba\u015flayan festival kapsam\u0131nda 50\u2019ye yak\u0131n k\u0131sa film ve belgesel g\u00f6sterime sunuldu. Festivalin kapan\u0131\u015f t\u00f6reninde; en iyi film, en iyi senaryo, en iyi y\u00f6netmen ve en iyi oyuncu \u00f6d\u00fclleri &hellip;<\/p>\n","protected":false},"author":1,"featured_media":3631,"comment_status":"closed","ping_status":"closed","sticky":false,"template":"","format":"standard","meta":{"footnotes":""},"categories":[511],"tags":[791],"class_list":["post-3623","post","type-post","status-publish","format-standard","has-post-thumbnail","","category-kultur-ve-sanat","tag-genclik-sinemasi-ve-kisa-film-festivali-faaliyetlerini-noktaladi"],"_links":{"self":[{"href":"https:\/\/archive.sana.sy\/tr\/index.php?rest_route=\/wp\/v2\/posts\/3623","targetHints":{"allow":["GET"]}}],"collection":[{"href":"https:\/\/archive.sana.sy\/tr\/index.php?rest_route=\/wp\/v2\/posts"}],"about":[{"href":"https:\/\/archive.sana.sy\/tr\/index.php?rest_route=\/wp\/v2\/types\/post"}],"author":[{"embeddable":true,"href":"https:\/\/archive.sana.sy\/tr\/index.php?rest_route=\/wp\/v2\/users\/1"}],"replies":[{"embeddable":true,"href":"https:\/\/archive.sana.sy\/tr\/index.php?rest_route=%2Fwp%2Fv2%2Fcomments&post=3623"}],"version-history":[{"count":0,"href":"https:\/\/archive.sana.sy\/tr\/index.php?rest_route=\/wp\/v2\/posts\/3623\/revisions"}],"wp:featuredmedia":[{"embeddable":true,"href":"https:\/\/archive.sana.sy\/tr\/index.php?rest_route=\/wp\/v2\/media\/3631"}],"wp:attachment":[{"href":"https:\/\/archive.sana.sy\/tr\/index.php?rest_route=%2Fwp%2Fv2%2Fmedia&parent=3623"}],"wp:term":[{"taxonomy":"category","embeddable":true,"href":"https:\/\/archive.sana.sy\/tr\/index.php?rest_route=%2Fwp%2Fv2%2Fcategories&post=3623"},{"taxonomy":"post_tag","embeddable":true,"href":"https:\/\/archive.sana.sy\/tr\/index.php?rest_route=%2Fwp%2Fv2%2Ftags&post=3623"}],"curies":[{"name":"wp","href":"https:\/\/api.w.org\/{rel}","templated":true}]}}