{"id":36282,"date":"2015-06-09T16:26:12","date_gmt":"2015-06-09T13:26:12","guid":{"rendered":"http:\/\/sana.sy\/tr\/?p=36282"},"modified":"2015-06-09T16:55:42","modified_gmt":"2015-06-09T13:55:42","slug":"direnis-gucleri-isid-saldirisini-cokertti","status":"publish","type":"post","link":"https:\/\/archive.sana.sy\/tr\/?p=36282","title":{"rendered":"Direni\u015f G\u00fc\u00e7leri I\u015e\u0130D Sald\u0131r\u0131s\u0131n\u0131 \u00c7\u00f6kertti"},"content":{"rendered":"<p>BEYRUT \u2013 L\u00fcbnan ulusal direni\u015f g\u00fc\u00e7leri bug\u00fcn sabah\u0131n erken saatlerinde L\u00fcbnan topraklar\u0131n\u0131n Suriye s\u0131n\u0131rlar\u0131na yak\u0131n Ras Bealbek da\u011flar\u0131nda Semarmar ve Mezbaha b\u00f6lmelerinde kendilerine ait mevkilere I\u015e\u0130D sald\u0131r\u0131lar\u0131n\u0131 \u00e7\u00f6kertti.<\/p>\n<p>L\u00fcbnanl\u0131 Menar Televizyonu I\u015e\u0130D \u00e7etelerinin Suriye topraklar\u0131na d\u00fc\u015fen Kehf Tepesinden s\u00f6z konusu iki b\u00f6lmedeki direni\u015f mevkilerine y\u00f6nelik sald\u0131r\u0131ya ba\u015flad\u0131klar\u0131n\u0131 aktar\u0131rken direni\u015f g\u00fc\u00e7leri ile I\u015e\u0130D tekfircileri aras\u0131nda \u015fiddetli \u00e7at\u0131\u015fmalar\u0131n ya\u015fand\u0131\u011f\u0131n\u0131 aktard\u0131. Haberde I\u015e\u0130D \u00e7etelerinden y\u00fcksek say\u0131da ter\u00f6ristin \u00f6ld\u00fcr\u00fcld\u00fc\u011f\u00fcn\u00fc, bir\u00e7ok ara\u00e7la birlikte bir f\u00fcze rampalar\u0131 ve bir\u00e7ok arac\u0131n da imha edildi\u011fi ifade edildi. Ayn\u0131 zamanda I\u015e\u0130D muhaberat cihazlar\u0131ndan imdat ve destek feryatlar\u0131n\u0131n y\u00fckseldi\u011fi de kaydedildi.<\/p>\n<p>Askeri g\u00f6zlemciler I\u015e\u0130D \u00e7etelerinin bu sald\u0131r\u0131s\u0131n\u0131; Suriye ordusu ve direni\u015f g\u00fc\u00e7lerinin Kalemun B\u00f6lgesinde Nusra Cephesini bertaraf etmeyi ba\u015farmalar\u0131 ard\u0131ndan b\u00f6lgede tekfircilerin morallerini d\u00fczeltmek i\u00e7in \u00e7aresiz ve ba\u015far\u0131s\u0131z bir giri\u015fim olarak nitelendirdi.<\/p>\n<p>Bu arada Menar Televizyonu, L\u00fcbnan ordusunun sald\u0131r\u0131 esnas\u0131nda I\u015e\u0130D tekfircilerinin hareketlerini g\u00f6zetleyerek top ve f\u00fczelerle onlar\u0131 hedef ald\u0131\u011f\u0131n\u0131 ifade etti.<\/p>\n<p>Di\u011fer yandan L\u00fcbnan topraklar\u0131n\u0131n Ersal Da\u011flar\u0131nda I\u015e\u0130D \u00e7etelerine kar\u015f\u0131 operasyonlar\u0131n\u0131 ba\u015far\u0131yla s\u00fcrd\u00fcren L\u00fcbnan ulusal direni\u015f g\u00fc\u00e7leri bug\u00fcn aralar\u0131nda Suudili Velit Abd\u00fclmuhsin el \u00d6meri adl\u0131 tekfirci ter\u00f6r komutan\u0131n\u0131n aralar\u0131nda bulundu\u011fu I\u015e\u0130D\u2019li onlarca ter\u00f6risti \u00f6ld\u00fcrd\u00fc. Operasyonlarda I\u015e\u0130D\u2019e ait bir k\u0131sm\u0131 a\u011f\u0131r silahlarla donat\u0131lm\u0131\u015f bir\u00e7ok arac\u0131n da imha edildi\u011fi ifade edildi.<\/p>\n<p>A.A. &#8211; M.M.<\/p>\n","protected":false},"excerpt":{"rendered":"<p>BEYRUT \u2013 L\u00fcbnan ulusal direni\u015f g\u00fc\u00e7leri bug\u00fcn sabah\u0131n erken saatlerinde L\u00fcbnan topraklar\u0131n\u0131n Suriye s\u0131n\u0131rlar\u0131na yak\u0131n Ras Bealbek da\u011flar\u0131nda Semarmar ve Mezbaha b\u00f6lmelerinde kendilerine ait mevkilere I\u015e\u0130D sald\u0131r\u0131lar\u0131n\u0131 \u00e7\u00f6kertti. L\u00fcbnanl\u0131 Menar Televizyonu I\u015e\u0130D \u00e7etelerinin Suriye topraklar\u0131na d\u00fc\u015fen Kehf Tepesinden s\u00f6z konusu iki b\u00f6lmedeki direni\u015f mevkilerine y\u00f6nelik sald\u0131r\u0131ya ba\u015flad\u0131klar\u0131n\u0131 aktar\u0131rken direni\u015f g\u00fc\u00e7leri ile I\u015e\u0130D tekfircileri aras\u0131nda \u015fiddetli &hellip;<\/p>\n","protected":false},"author":1,"featured_media":36284,"comment_status":"closed","ping_status":"closed","sticky":false,"template":"","format":"standard","meta":{"footnotes":""},"categories":[458,459,447],"tags":[15115],"class_list":["post-36282","post","type-post","status-publish","format-standard","has-post-thumbnail","","category-dunya1","category-haberler-arap-uluslararasi-politika","category-politika","tag-direnis-gucleri-isid-saldirisini-cokertti"],"_links":{"self":[{"href":"https:\/\/archive.sana.sy\/tr\/index.php?rest_route=\/wp\/v2\/posts\/36282","targetHints":{"allow":["GET"]}}],"collection":[{"href":"https:\/\/archive.sana.sy\/tr\/index.php?rest_route=\/wp\/v2\/posts"}],"about":[{"href":"https:\/\/archive.sana.sy\/tr\/index.php?rest_route=\/wp\/v2\/types\/post"}],"author":[{"embeddable":true,"href":"https:\/\/archive.sana.sy\/tr\/index.php?rest_route=\/wp\/v2\/users\/1"}],"replies":[{"embeddable":true,"href":"https:\/\/archive.sana.sy\/tr\/index.php?rest_route=%2Fwp%2Fv2%2Fcomments&post=36282"}],"version-history":[{"count":0,"href":"https:\/\/archive.sana.sy\/tr\/index.php?rest_route=\/wp\/v2\/posts\/36282\/revisions"}],"wp:featuredmedia":[{"embeddable":true,"href":"https:\/\/archive.sana.sy\/tr\/index.php?rest_route=\/wp\/v2\/media\/36284"}],"wp:attachment":[{"href":"https:\/\/archive.sana.sy\/tr\/index.php?rest_route=%2Fwp%2Fv2%2Fmedia&parent=36282"}],"wp:term":[{"taxonomy":"category","embeddable":true,"href":"https:\/\/archive.sana.sy\/tr\/index.php?rest_route=%2Fwp%2Fv2%2Fcategories&post=36282"},{"taxonomy":"post_tag","embeddable":true,"href":"https:\/\/archive.sana.sy\/tr\/index.php?rest_route=%2Fwp%2Fv2%2Ftags&post=36282"}],"curies":[{"name":"wp","href":"https:\/\/api.w.org\/{rel}","templated":true}]}}