{"id":36287,"date":"2015-06-09T16:41:14","date_gmt":"2015-06-09T13:41:14","guid":{"rendered":"http:\/\/sana.sy\/tr\/?p=36287"},"modified":"2015-06-09T16:55:27","modified_gmt":"2015-06-09T13:55:27","slug":"turkiye-teroru-desteklemekle-buyuk-bir-hata-isledi","status":"publish","type":"post","link":"https:\/\/archive.sana.sy\/tr\/?p=36287","title":{"rendered":"T\u00fcrkiye Ter\u00f6r\u00fc Desteklemekle B\u00fcy\u00fck bir Hata \u0130\u015fledi"},"content":{"rendered":"<p>TAHRAN \u2013 \u0130ran devrim muhaf\u0131zlar\u0131nda \u0130slam Devrimi Liderinin Temsilcisi Ali Saidi; T\u00fcrkiye&#8217;nin Suriye&#8217;de ter\u00f6r, kaos ve \u015fiddeti desteklemekle olduk\u00e7a b\u00fcy\u00fck bir hata i\u015fledi\u011fini belirtirken, T\u00fcrkiye&#8217;nin bu tutumuyla Filistin davas\u0131na a\u011f\u0131r bir darbe indirdi\u011fini ifade etti.<\/p>\n<p>Fars Haber Ajans\u0131n\u0131n bug\u00fcn aktard\u0131\u011f\u0131 a\u00e7\u0131klamalar\u0131nda Saidi; ter\u00f6r ve radikalli\u011fin bir sonucunun \u0130slam aleminin olanak ve g\u00fcc\u00fcn\u00fc yanl\u0131\u015f yerde kullanmaktan ibaret oldu\u011funu s\u00f6yledi. Saidi Suriye ve b\u00f6lgede ya\u015fanan ter\u00f6rden en b\u00fcy\u00fck fayday\u0131 siyonist \u0130srail&#8217;in elde etti\u011fine dikkat \u00e7ekti.<\/p>\n<p>Bu arada \u0130ran ordusunda kara kuvvetleri komutan\u0131 Tu\u011fgeneral Ahmet R\u0131za Bordestan bug\u00fcn erken saatlerde kara kuvvetleri i\u00e7in d\u00fczenlenen \u00f6d\u00fcl t\u00f6reninde yapt\u0131\u011f\u0131 konu\u015fmada b\u00f6lgede I\u015e\u0130D, Nusra Cephesi ve daha ba\u015fka ter\u00f6r \u00f6rg\u00fctlerinin ABD ve \u0130srail hesab\u0131na faaliyet g\u00f6sterdiklerini ifade etmi\u015fti.<\/p>\n","protected":false},"excerpt":{"rendered":"<p>TAHRAN \u2013 \u0130ran devrim muhaf\u0131zlar\u0131nda \u0130slam Devrimi Liderinin Temsilcisi Ali Saidi; T\u00fcrkiye&#8217;nin Suriye&#8217;de ter\u00f6r, kaos ve \u015fiddeti desteklemekle olduk\u00e7a b\u00fcy\u00fck bir hata i\u015fledi\u011fini belirtirken, T\u00fcrkiye&#8217;nin bu tutumuyla Filistin davas\u0131na a\u011f\u0131r bir darbe indirdi\u011fini ifade etti. Fars Haber Ajans\u0131n\u0131n bug\u00fcn aktard\u0131\u011f\u0131 a\u00e7\u0131klamalar\u0131nda Saidi; ter\u00f6r ve radikalli\u011fin bir sonucunun \u0130slam aleminin olanak ve g\u00fcc\u00fcn\u00fc yanl\u0131\u015f yerde kullanmaktan &hellip;<\/p>\n","protected":false},"author":1,"featured_media":36289,"comment_status":"closed","ping_status":"closed","sticky":false,"template":"","format":"standard","meta":{"footnotes":""},"categories":[458,459,447,2554,2555],"tags":[15116],"class_list":["post-36287","post","type-post","status-publish","format-standard","has-post-thumbnail","","category-dunya1","category-haberler-arap-uluslararasi-politika","category-politika","category-suriye-ve-dunya","category-suriye-ve-turkiye","tag-turkiye-teroru-desteklemekle-buyuk-bir-hata-isledi"],"_links":{"self":[{"href":"https:\/\/archive.sana.sy\/tr\/index.php?rest_route=\/wp\/v2\/posts\/36287","targetHints":{"allow":["GET"]}}],"collection":[{"href":"https:\/\/archive.sana.sy\/tr\/index.php?rest_route=\/wp\/v2\/posts"}],"about":[{"href":"https:\/\/archive.sana.sy\/tr\/index.php?rest_route=\/wp\/v2\/types\/post"}],"author":[{"embeddable":true,"href":"https:\/\/archive.sana.sy\/tr\/index.php?rest_route=\/wp\/v2\/users\/1"}],"replies":[{"embeddable":true,"href":"https:\/\/archive.sana.sy\/tr\/index.php?rest_route=%2Fwp%2Fv2%2Fcomments&post=36287"}],"version-history":[{"count":0,"href":"https:\/\/archive.sana.sy\/tr\/index.php?rest_route=\/wp\/v2\/posts\/36287\/revisions"}],"wp:featuredmedia":[{"embeddable":true,"href":"https:\/\/archive.sana.sy\/tr\/index.php?rest_route=\/wp\/v2\/media\/36289"}],"wp:attachment":[{"href":"https:\/\/archive.sana.sy\/tr\/index.php?rest_route=%2Fwp%2Fv2%2Fmedia&parent=36287"}],"wp:term":[{"taxonomy":"category","embeddable":true,"href":"https:\/\/archive.sana.sy\/tr\/index.php?rest_route=%2Fwp%2Fv2%2Fcategories&post=36287"},{"taxonomy":"post_tag","embeddable":true,"href":"https:\/\/archive.sana.sy\/tr\/index.php?rest_route=%2Fwp%2Fv2%2Ftags&post=36287"}],"curies":[{"name":"wp","href":"https:\/\/api.w.org\/{rel}","templated":true}]}}