{"id":36294,"date":"2015-06-09T19:44:29","date_gmt":"2015-06-09T16:44:29","guid":{"rendered":"http:\/\/sana.sy\/tr\/?p=36294"},"modified":"2015-06-09T20:34:06","modified_gmt":"2015-06-09T17:34:06","slug":"kunaytra-valiligi-meclisi-uyelerinden-kan-bagisi-kampanyasi","status":"publish","type":"post","link":"https:\/\/archive.sana.sy\/tr\/?p=36294","title":{"rendered":"Kunaytra Valili\u011fi Meclisi \u00dcyelerinden Kan Ba\u011f\u0131\u015f\u0131 Kampanyas\u0131"},"content":{"rendered":"<p>KUNAYTRA \u2013 Kunaytra ili valilik meclisi \u00fcyeleri bug\u00fcn Kahraman ordu birliklerimiz ve silahl\u0131 kuvvetlerimizin ter\u00f6re kar\u015f\u0131 d\u00fczenledikleri operasyonlar s\u0131ras\u0131nda yaralanan ve hastanelerde tedavileri s\u00fcren gazilerimizi desteklemek amac\u0131yla kan ba\u011f\u0131\u015flama kampanyas\u0131 d\u00fczenlediler.<\/p>\n<p>Kunaytra Valisi Ahmet \u015eeyh Abd\u00fclkadir kampanyaya kat\u0131l\u0131m\u0131 s\u0131ras\u0131na gazetecilere yapt\u0131\u011f\u0131 a\u00e7\u0131klamada kan ba\u011f\u0131\u015f\u0131n\u0131n kahraman ordu birliklerimizi ve gazilerimizi desteklemenin bir yans\u0131mas\u0131 oldu\u011funa i\u015faret ederek ayr\u0131ca hastanede tedavisi s\u00fcren yaral\u0131lar hayr\u0131na kan ba\u011f\u0131\u015flaman\u0131n g\u00fc\u00e7l\u00fc ahlaki ve insani de\u011ferlerin bir yans\u0131mas\u0131n\u0131 te\u015fkil etti\u011fini belirtti.<\/p>\n<p>Kunaytra Valili\u011fi Meclisi Ba\u015fkan\u0131 Muhammed el Muhameyd, b\u00fct\u00fcn Colan sakinlerinin zulme, ter\u00f6re ve komploculara kar\u015f\u0131 direni\u015f saf\u0131nda yer ald\u0131\u011f\u0131na dikkat \u00e7ekerek vatanda\u015flar\u0131n her f\u0131rsatta kahraman ordu birliklerimize destek etkinlikleri ve kampanyalar\u0131 d\u00fczenlemelerinin bunun en bariz kan\u0131tlar\u0131ndan oldu\u011funu belirtti.<\/p>\n<p>F.B. &#8211; M.M.<\/p>\n","protected":false},"excerpt":{"rendered":"<p>KUNAYTRA \u2013 Kunaytra ili valilik meclisi \u00fcyeleri bug\u00fcn Kahraman ordu birliklerimiz ve silahl\u0131 kuvvetlerimizin ter\u00f6re kar\u015f\u0131 d\u00fczenledikleri operasyonlar s\u0131ras\u0131nda yaralanan ve hastanelerde tedavileri s\u00fcren gazilerimizi desteklemek amac\u0131yla kan ba\u011f\u0131\u015flama kampanyas\u0131 d\u00fczenlediler. Kunaytra Valisi Ahmet \u015eeyh Abd\u00fclkadir kampanyaya kat\u0131l\u0131m\u0131 s\u0131ras\u0131na gazetecilere yapt\u0131\u011f\u0131 a\u00e7\u0131klamada kan ba\u011f\u0131\u015f\u0131n\u0131n kahraman ordu birliklerimizi ve gazilerimizi desteklemenin bir yans\u0131mas\u0131 oldu\u011funa i\u015faret ederek &hellip;<\/p>\n","protected":false},"author":1,"featured_media":36297,"comment_status":"closed","ping_status":"closed","sticky":false,"template":"","format":"standard","meta":{"footnotes":""},"categories":[479,478],"tags":[15117],"class_list":["post-36294","post","type-post","status-publish","format-standard","has-post-thumbnail","","category-haberler-yerel","category-yerel","tag-kunaytra-valiligi-meclisi-uyelerinden-kan-bagisi-kampanyasi"],"_links":{"self":[{"href":"https:\/\/archive.sana.sy\/tr\/index.php?rest_route=\/wp\/v2\/posts\/36294","targetHints":{"allow":["GET"]}}],"collection":[{"href":"https:\/\/archive.sana.sy\/tr\/index.php?rest_route=\/wp\/v2\/posts"}],"about":[{"href":"https:\/\/archive.sana.sy\/tr\/index.php?rest_route=\/wp\/v2\/types\/post"}],"author":[{"embeddable":true,"href":"https:\/\/archive.sana.sy\/tr\/index.php?rest_route=\/wp\/v2\/users\/1"}],"replies":[{"embeddable":true,"href":"https:\/\/archive.sana.sy\/tr\/index.php?rest_route=%2Fwp%2Fv2%2Fcomments&post=36294"}],"version-history":[{"count":0,"href":"https:\/\/archive.sana.sy\/tr\/index.php?rest_route=\/wp\/v2\/posts\/36294\/revisions"}],"wp:featuredmedia":[{"embeddable":true,"href":"https:\/\/archive.sana.sy\/tr\/index.php?rest_route=\/wp\/v2\/media\/36297"}],"wp:attachment":[{"href":"https:\/\/archive.sana.sy\/tr\/index.php?rest_route=%2Fwp%2Fv2%2Fmedia&parent=36294"}],"wp:term":[{"taxonomy":"category","embeddable":true,"href":"https:\/\/archive.sana.sy\/tr\/index.php?rest_route=%2Fwp%2Fv2%2Fcategories&post=36294"},{"taxonomy":"post_tag","embeddable":true,"href":"https:\/\/archive.sana.sy\/tr\/index.php?rest_route=%2Fwp%2Fv2%2Ftags&post=36294"}],"curies":[{"name":"wp","href":"https:\/\/api.w.org\/{rel}","templated":true}]}}