{"id":36299,"date":"2015-06-09T20:07:39","date_gmt":"2015-06-09T17:07:39","guid":{"rendered":"http:\/\/sana.sy\/tr\/?p=36299"},"modified":"2015-06-10T16:31:02","modified_gmt":"2015-06-10T13:31:02","slug":"muallim-turkiyede-parlamento-secimleri-erdoganin-politikalarinin-reddedildiginin-ilani-oldu","status":"publish","type":"post","link":"https:\/\/archive.sana.sy\/tr\/?p=36299","title":{"rendered":"Muallim: T\u00fcrkiye Parlamento Se\u00e7imleri Erdo\u011fan Politikalar\u0131n\u0131n Reddedildi\u011finin \u0130lan\u0131 Oldu"},"content":{"rendered":"<p>\u015eAM \u2013 Bakanlar Kurulu bug\u00fcn ola\u011fan haftal\u0131k toplant\u0131s\u0131n\u0131 Ba\u015fbakan Vail el Halaki Ba\u015fkanl\u0131\u011f\u0131nda d\u00fczenleyerek bir dizi kanun tasar\u0131s\u0131 ve hizmet sekt\u00f6r\u00fc \u00e7al\u0131\u015fmalar\u0131n\u0131 inceledi.<\/p>\n<p>Ba\u015fbakan Halaki, \u0130\u00e7 Ticaret ve T\u00fcketiciyi Koruma Bakanl\u0131\u011f\u0131n\u0131, bu\u011fday mahsul\u00fcn\u00fcn sat\u0131\u015f faaliyetlerinin yak\u0131ndan takip ve g\u00f6zetim alt\u0131nda tutulmas\u0131 ve fiyatlar\u0131n denetim alt\u0131nda tutulmas\u0131 i\u00e7in gerekli icraatlar\u0131 alma \u00e7a\u011fr\u0131s\u0131nda bulundu.<\/p>\n<p><a href=\"http:\/\/sana.sy\/tr\/wp-content\/uploads\/2015\/06\/Muallim-T\u00fcrkiye\u2019de-Parlamento-Se\u00e7imleri-Erdo\u011fan\u2019\u0131n-Politikalar\u0131n\u0131n-Reddedildi\u011finin-\u0130lan\u0131-Oldu.jpg\"><img loading=\"lazy\" decoding=\"async\" class=\"alignright wp-image-36302 size-medium\" src=\"http:\/\/sana.sy\/tr\/wp-content\/uploads\/2015\/06\/Muallim-T\u00fcrkiye\u2019de-Parlamento-Se\u00e7imleri-Erdo\u011fan\u2019\u0131n-Politikalar\u0131n\u0131n-Reddedildi\u011finin-\u0130lan\u0131-Oldu-300x160.jpg\" alt=\"Muallim T\u00fcrkiye\u2019de Parlamento Se\u00e7imleri Erdo\u011fan\u2019\u0131n Politikalar\u0131n\u0131n Reddedildi\u011finin \u0130lan\u0131 Oldu\" width=\"300\" height=\"160\" srcset=\"https:\/\/archive.sana.sy\/tr\/wp-content\/uploads\/2015\/06\/Muallim-T\u00fcrkiye\u2019de-Parlamento-Se\u00e7imleri-Erdo\u011fan\u2019\u0131n-Politikalar\u0131n\u0131n-Reddedildi\u011finin-\u0130lan\u0131-Oldu-300x160.jpg 300w, https:\/\/archive.sana.sy\/tr\/wp-content\/uploads\/2015\/06\/Muallim-T\u00fcrkiye\u2019de-Parlamento-Se\u00e7imleri-Erdo\u011fan\u2019\u0131n-Politikalar\u0131n\u0131n-Reddedildi\u011finin-\u0130lan\u0131-Oldu-150x80.jpg 150w, https:\/\/archive.sana.sy\/tr\/wp-content\/uploads\/2015\/06\/Muallim-T\u00fcrkiye\u2019de-Parlamento-Se\u00e7imleri-Erdo\u011fan\u2019\u0131n-Politikalar\u0131n\u0131n-Reddedildi\u011finin-\u0130lan\u0131-Oldu.jpg 620w\" sizes=\"auto, (max-width: 300px) 100vw, 300px\" \/><\/a>H\u00fck\u00fcmetin Cumhurba\u015fkan\u0131 Be\u015f\u015far el Esad taraf\u0131ndan yap\u0131lan y\u00f6nlendirmeler kapsam\u0131nda kahraman ordu birliklerimiz ve halk\u0131m\u0131z\u0131n kriz ve ter\u00f6r kar\u015f\u0131s\u0131ndaki direni\u015fini g\u00fc\u00e7lendirecek icraatlar ald\u0131\u011f\u0131na i\u015faret eden Halaki; ya\u015fanmakta olan s\u00fcre\u00e7te ve \u00f6ncesinde halk\u0131m\u0131z\u0131n ve kahraman ordu birliklerimizin sergiledikleri fedakarl\u0131klar\u0131n g\u00f6z ard\u0131 edilemeyece\u011finin alt\u0131n\u0131 \u00e7izdi.<\/p>\n<p>Toplant\u0131da Ba\u015fbakan Yard\u0131mc\u0131s\u0131 ve D\u0131\u015fi\u015fleri ve Gurbet\u00e7iler Bakan\u0131 Velid el Muallim uluslararas\u0131 alanda ya\u015fanan son geli\u015fmelere ili\u015fkin bir anlat\u0131m sunarak kahraman ordu birliklerimizin askeri meydanlarda sa\u011flad\u0131klar\u0131 ba\u015far\u0131lar\u0131n uluslararas\u0131 alana bariz bir \u015fekilde yans\u0131d\u0131\u011f\u0131n\u0131 belirtti.<\/p>\n<p>Anlat\u0131m\u0131nda T\u00fcrkiye\u2019de d\u00fczenlenen parlamento se\u00e7imlerine de de\u011finen Muallim, bu se\u00e7imlerin katil Recep Tayip Erdo\u011fan\u2019\u0131n hayallerini yerle bir etti\u011fini dile getirerek ayr\u0131ca bu se\u00e7imlerin T\u00fcrkiye ve d\u00fcnya kamuoyuna, Erdo\u011fan\u2019\u0131n ba\u015fka \u00fclkelerin i\u00e7i\u015flerine m\u00fcdahale etme ve ter\u00f6r\u00fc destekleme politikalar\u0131n\u0131n T\u00fcrkiye Halk\u0131 taraf\u0131ndan reddedildi\u011finin bir ilan\u0131n\u0131 te\u015fkil etti\u011fini vurgulad\u0131.<\/p>\n<p>Ramazan ay\u0131 s\u00fcresince mesai saatlerinin sabah saat 9:00 ile \u00f6\u011fleden sonra saat 15:00 aras\u0131nda olmas\u0131n\u0131n kararla\u015ft\u0131r\u0131ld\u0131\u011f\u0131 toplant\u0131da e\u011fitim, \u00f6\u011fretim ve sanayi alanlar\u0131nda yeni d\u00fczenlemelere ili\u015fkin kanun tasar\u0131lar\u0131 karara ba\u011fland\u0131.<\/p>\n<p>F.B. &#8211; M.M.<\/p>\n","protected":false},"excerpt":{"rendered":"<p>\u015eAM \u2013 Bakanlar Kurulu bug\u00fcn ola\u011fan haftal\u0131k toplant\u0131s\u0131n\u0131 Ba\u015fbakan Vail el Halaki Ba\u015fkanl\u0131\u011f\u0131nda d\u00fczenleyerek bir dizi kanun tasar\u0131s\u0131 ve hizmet sekt\u00f6r\u00fc \u00e7al\u0131\u015fmalar\u0131n\u0131 inceledi. Ba\u015fbakan Halaki, \u0130\u00e7 Ticaret ve T\u00fcketiciyi Koruma Bakanl\u0131\u011f\u0131n\u0131, bu\u011fday mahsul\u00fcn\u00fcn sat\u0131\u015f faaliyetlerinin yak\u0131ndan takip ve g\u00f6zetim alt\u0131nda tutulmas\u0131 ve fiyatlar\u0131n denetim alt\u0131nda tutulmas\u0131 i\u00e7in gerekli icraatlar\u0131 alma \u00e7a\u011fr\u0131s\u0131nda bulundu. H\u00fck\u00fcmetin Cumhurba\u015fkan\u0131 Be\u015f\u015far &hellip;<\/p>\n","protected":false},"author":1,"featured_media":36308,"comment_status":"closed","ping_status":"closed","sticky":false,"template":"","format":"standard","meta":{"footnotes":""},"categories":[479,2554,2555,478],"tags":[15118],"class_list":["post-36299","post","type-post","status-publish","format-standard","has-post-thumbnail","","category-haberler-yerel","category-suriye-ve-dunya","category-suriye-ve-turkiye","category-yerel","tag-muallim-turkiyede-parlamento-secimleri-erdoganin-politikalarinin-reddedildiginin-ilani-oldu"],"_links":{"self":[{"href":"https:\/\/archive.sana.sy\/tr\/index.php?rest_route=\/wp\/v2\/posts\/36299","targetHints":{"allow":["GET"]}}],"collection":[{"href":"https:\/\/archive.sana.sy\/tr\/index.php?rest_route=\/wp\/v2\/posts"}],"about":[{"href":"https:\/\/archive.sana.sy\/tr\/index.php?rest_route=\/wp\/v2\/types\/post"}],"author":[{"embeddable":true,"href":"https:\/\/archive.sana.sy\/tr\/index.php?rest_route=\/wp\/v2\/users\/1"}],"replies":[{"embeddable":true,"href":"https:\/\/archive.sana.sy\/tr\/index.php?rest_route=%2Fwp%2Fv2%2Fcomments&post=36299"}],"version-history":[{"count":0,"href":"https:\/\/archive.sana.sy\/tr\/index.php?rest_route=\/wp\/v2\/posts\/36299\/revisions"}],"wp:featuredmedia":[{"embeddable":true,"href":"https:\/\/archive.sana.sy\/tr\/index.php?rest_route=\/wp\/v2\/media\/36308"}],"wp:attachment":[{"href":"https:\/\/archive.sana.sy\/tr\/index.php?rest_route=%2Fwp%2Fv2%2Fmedia&parent=36299"}],"wp:term":[{"taxonomy":"category","embeddable":true,"href":"https:\/\/archive.sana.sy\/tr\/index.php?rest_route=%2Fwp%2Fv2%2Fcategories&post=36299"},{"taxonomy":"post_tag","embeddable":true,"href":"https:\/\/archive.sana.sy\/tr\/index.php?rest_route=%2Fwp%2Fv2%2Ftags&post=36299"}],"curies":[{"name":"wp","href":"https:\/\/api.w.org\/{rel}","templated":true}]}}