{"id":36311,"date":"2015-06-09T20:28:41","date_gmt":"2015-06-09T17:28:41","guid":{"rendered":"http:\/\/sana.sy\/tr\/?p=36311"},"modified":"2015-06-10T16:33:26","modified_gmt":"2015-06-10T13:33:26","slug":"osi-erdoganin-secimlerdeki-hezimeti-suriye-halkina-karsi-politikasinin-bedelidir","status":"publish","type":"post","link":"https:\/\/archive.sana.sy\/tr\/?p=36311","title":{"rendered":"Osi: Erdo\u011fan\u2019\u0131n Se\u00e7imlerdeki Hezimeti Suriye Halk\u0131na Kar\u015f\u0131 Politikas\u0131n\u0131n Bedelidir"},"content":{"rendered":"<p>\u015eAM \u2013 Halk Meclisi bug\u00fcn Halk Meclisi Ba\u015fkan\u0131 Muhammed Cihat Lahham ba\u015fkanl\u0131\u011f\u0131nda d\u00fczenledi\u011fi 1. Yasama D\u00f6nemi 10. D\u00f6nem Ola\u011fan Toplant\u0131s\u0131n\u0131n 3. Oturumunda hizmet sekt\u00f6r\u00fcyle ilgili bir dizi ba\u015fl\u0131\u011f\u0131 tart\u0131\u015farak \u0130dari Kalk\u0131nma Bakan\u0131 ve Ulusal Uzla\u015fmadan Sorumlu Devlet Bakan\u0131n\u0131n \u00e7al\u0131\u015fmalar\u0131na ili\u015fkin anlat\u0131mlar\u0131n\u0131 dinledi.<\/p>\n<p>Halk Meclisi \u00dcyeleri toplant\u0131da yapt\u0131klar\u0131 konu\u015fmalarda e\u011fitim, \u00f6\u011fretim, idari kalk\u0131nma, ekonomi ve di\u011fer alanlarda ilgili bakanl\u0131k ya da kurumlara hitaben \u00e7al\u0131\u015fmalara ili\u015fkin sorular\u0131n\u0131 y\u00f6nelterek \u00e7al\u0131\u015fmalar ve i\u015fleyi\u015f s\u0131ras\u0131nda kar\u015f\u0131la\u015f\u0131lan zorluk ve engellerin a\u015f\u0131lmas\u0131 i\u00e7in \u00f6nerilerde bulundular.<\/p>\n<p>Milletvekili Raif Ali, usuls\u00fczl\u00fck yapan f\u0131r\u0131n ve petrol istasyonlar\u0131na sert yapt\u0131r\u0131mlar uygulanmas\u0131 gere\u011fine i\u015faret ederek bu yapt\u0131r\u0131m\u0131n \u00fcretimlerini durdurup piyasay\u0131 daha zor duruma s\u00fcr\u00fcklemek \u015feklinde de\u011fil y\u00fckl\u00fc miktarda mali cezalar \u015feklinde olmas\u0131 gerekti\u011fini belirtti.<\/p>\n<p>Milletvekili \u00d6mer Osi konu\u015fmas\u0131nda T\u00fcrkiye\u2019de d\u00fczenlenen se\u00e7imlerin, oligar\u015fik devletlerin se\u00e7im kampanyalar\u0131na sunduklar\u0131 on milyarlarca dolarl\u0131k deste\u011fe ra\u011fmen Recep Tayyip Erdo\u011fan\u2019\u0131n hayallerini y\u0131kt\u0131\u011f\u0131n\u0131 ifade ederek Erda\u011fan\u2019\u0131n bu hezimetinin Suriye Halk\u0131na kar\u015f\u0131 izledi\u011fi politikan\u0131n bedeli oldu\u011funu belirtti.<\/p>\n<p>\u0130dari Kalk\u0131nma Bakan\u0131 Hassan el Nuri, bakanl\u0131\u011f\u0131n ulusal idari kalk\u0131nma projesi kapsam\u0131nda ald\u0131\u011f\u0131 icraatlara ili\u015fkin bir anlat\u0131m sunarak idari kalk\u0131nma \u00e7al\u0131\u015fmalar\u0131nda ilgili bakanl\u0131k ve kurumlarla i\u015fbirli\u011fi ve koordinasyona \u00f6nem verildi\u011fini belirtti.<\/p>\n<p>F.B. &#8211; M.M.<\/p>\n","protected":false},"excerpt":{"rendered":"<p>\u015eAM \u2013 Halk Meclisi bug\u00fcn Halk Meclisi Ba\u015fkan\u0131 Muhammed Cihat Lahham ba\u015fkanl\u0131\u011f\u0131nda d\u00fczenledi\u011fi 1. Yasama D\u00f6nemi 10. D\u00f6nem Ola\u011fan Toplant\u0131s\u0131n\u0131n 3. Oturumunda hizmet sekt\u00f6r\u00fcyle ilgili bir dizi ba\u015fl\u0131\u011f\u0131 tart\u0131\u015farak \u0130dari Kalk\u0131nma Bakan\u0131 ve Ulusal Uzla\u015fmadan Sorumlu Devlet Bakan\u0131n\u0131n \u00e7al\u0131\u015fmalar\u0131na ili\u015fkin anlat\u0131mlar\u0131n\u0131 dinledi. Halk Meclisi \u00dcyeleri toplant\u0131da yapt\u0131klar\u0131 konu\u015fmalarda e\u011fitim, \u00f6\u011fretim, idari kalk\u0131nma, ekonomi ve di\u011fer &hellip;<\/p>\n","protected":false},"author":1,"featured_media":36315,"comment_status":"closed","ping_status":"closed","sticky":false,"template":"","format":"standard","meta":{"footnotes":""},"categories":[479,2554,2555,478],"tags":[15119],"class_list":["post-36311","post","type-post","status-publish","format-standard","has-post-thumbnail","","category-haberler-yerel","category-suriye-ve-dunya","category-suriye-ve-turkiye","category-yerel","tag-osi-erdoganin-secimlerdeki-hezimeti-suriye-halkina-karsi-politikasinin-bedelidir"],"_links":{"self":[{"href":"https:\/\/archive.sana.sy\/tr\/index.php?rest_route=\/wp\/v2\/posts\/36311","targetHints":{"allow":["GET"]}}],"collection":[{"href":"https:\/\/archive.sana.sy\/tr\/index.php?rest_route=\/wp\/v2\/posts"}],"about":[{"href":"https:\/\/archive.sana.sy\/tr\/index.php?rest_route=\/wp\/v2\/types\/post"}],"author":[{"embeddable":true,"href":"https:\/\/archive.sana.sy\/tr\/index.php?rest_route=\/wp\/v2\/users\/1"}],"replies":[{"embeddable":true,"href":"https:\/\/archive.sana.sy\/tr\/index.php?rest_route=%2Fwp%2Fv2%2Fcomments&post=36311"}],"version-history":[{"count":0,"href":"https:\/\/archive.sana.sy\/tr\/index.php?rest_route=\/wp\/v2\/posts\/36311\/revisions"}],"wp:featuredmedia":[{"embeddable":true,"href":"https:\/\/archive.sana.sy\/tr\/index.php?rest_route=\/wp\/v2\/media\/36315"}],"wp:attachment":[{"href":"https:\/\/archive.sana.sy\/tr\/index.php?rest_route=%2Fwp%2Fv2%2Fmedia&parent=36311"}],"wp:term":[{"taxonomy":"category","embeddable":true,"href":"https:\/\/archive.sana.sy\/tr\/index.php?rest_route=%2Fwp%2Fv2%2Fcategories&post=36311"},{"taxonomy":"post_tag","embeddable":true,"href":"https:\/\/archive.sana.sy\/tr\/index.php?rest_route=%2Fwp%2Fv2%2Ftags&post=36311"}],"curies":[{"name":"wp","href":"https:\/\/api.w.org\/{rel}","templated":true}]}}