{"id":3637,"date":"2014-06-22T12:36:53","date_gmt":"2014-06-22T09:36:53","guid":{"rendered":"http:\/\/www.sana.sy\/tr\/?p=3637"},"modified":"2014-06-22T16:09:06","modified_gmt":"2014-06-22T13:09:06","slug":"teror-saldirisinda-3-vatandasimiz-sehit-dustu","status":"publish","type":"post","link":"https:\/\/archive.sana.sy\/tr\/?p=3637","title":{"rendered":"Ter\u00f6r Sald\u0131r\u0131s\u0131nda 3 Vatanda\u015f\u0131m\u0131z \u015eehit D\u00fc\u015ft\u00fc"},"content":{"rendered":"<p>HASEKE \u2013 Silahl\u0131 ter\u00f6r gruplar\u0131n\u0131n, halk\u0131 hedef alan sald\u0131r\u0131lar\u0131 kapsam\u0131nda d\u00fcn Haseke\u2019de d\u00fczenledikleri sald\u0131r\u0131 sonucunda 3 vatanda\u015f\u0131m\u0131z \u015fehit d\u00fc\u015ft\u00fc bir\u00e7ok vatanda\u015f\u0131m\u0131z da yaraland\u0131.<\/p>\n<p>Haseke Valili\u011finde yetkili bir kaynak SANA\u2019ya yapt\u0131\u011f\u0131 a\u00e7\u0131klamada, intihar eylemcisi bir ter\u00f6rist taraf\u0131ndan kullan\u0131lmakta olan patlay\u0131c\u0131 y\u00fckl\u00fc bir arac\u0131n Sebze Hali yak\u0131nlar\u0131nda patlamas\u0131 sonucu \u00fc\u00e7 vatanda\u015f\u0131m\u0131z\u0131n \u015fehit d\u00fc\u015ft\u00fc\u011f\u00fcn\u00fc bir\u00e7ok vatanda\u015f\u0131m\u0131z\u0131n da yaraland\u0131\u011f\u0131n\u0131 ifade etti.<\/p>\n<p><a href=\"http:\/\/www.sana.sy\/tr\/wp-content\/uploads\/2014\/06\/haseke-2.jpg\"><img loading=\"lazy\" decoding=\"async\" class=\"aligncenter wp-image-3629 size-full\" src=\"http:\/\/www.sana.sy\/tr\/wp-content\/uploads\/2014\/06\/haseke-2.jpg\" alt=\"haseke 2\" width=\"620\" height=\"330\" srcset=\"https:\/\/archive.sana.sy\/tr\/wp-content\/uploads\/2014\/06\/haseke-2.jpg 620w, https:\/\/archive.sana.sy\/tr\/wp-content\/uploads\/2014\/06\/haseke-2-150x79.jpg 150w, https:\/\/archive.sana.sy\/tr\/wp-content\/uploads\/2014\/06\/haseke-2-300x160.jpg 300w\" sizes=\"auto, (max-width: 620px) 100vw, 620px\" \/><\/a><\/p>\n","protected":false},"excerpt":{"rendered":"<p>HASEKE \u2013 Silahl\u0131 ter\u00f6r gruplar\u0131n\u0131n, halk\u0131 hedef alan sald\u0131r\u0131lar\u0131 kapsam\u0131nda d\u00fcn Haseke\u2019de d\u00fczenledikleri sald\u0131r\u0131 sonucunda 3 vatanda\u015f\u0131m\u0131z \u015fehit d\u00fc\u015ft\u00fc bir\u00e7ok vatanda\u015f\u0131m\u0131z da yaraland\u0131. Haseke Valili\u011finde yetkili bir kaynak SANA\u2019ya yapt\u0131\u011f\u0131 a\u00e7\u0131klamada, intihar eylemcisi bir ter\u00f6rist taraf\u0131ndan kullan\u0131lmakta olan patlay\u0131c\u0131 y\u00fckl\u00fc bir arac\u0131n Sebze Hali yak\u0131nlar\u0131nda patlamas\u0131 sonucu \u00fc\u00e7 vatanda\u015f\u0131m\u0131z\u0131n \u015fehit d\u00fc\u015ft\u00fc\u011f\u00fcn\u00fc bir\u00e7ok vatanda\u015f\u0131m\u0131z\u0131n da yaraland\u0131\u011f\u0131n\u0131 &hellip;<\/p>\n","protected":false},"author":1,"featured_media":3627,"comment_status":"closed","ping_status":"closed","sticky":false,"template":"","format":"standard","meta":{"footnotes":""},"categories":[479,575,478],"tags":[792],"class_list":["post-3637","post","type-post","status-publish","format-standard","has-post-thumbnail","","category-haberler-yerel","category-olaylar-ve-gercekler","category-yerel","tag-teror-saldirisinda-3-vatandasimiz-sehit-dustu"],"_links":{"self":[{"href":"https:\/\/archive.sana.sy\/tr\/index.php?rest_route=\/wp\/v2\/posts\/3637","targetHints":{"allow":["GET"]}}],"collection":[{"href":"https:\/\/archive.sana.sy\/tr\/index.php?rest_route=\/wp\/v2\/posts"}],"about":[{"href":"https:\/\/archive.sana.sy\/tr\/index.php?rest_route=\/wp\/v2\/types\/post"}],"author":[{"embeddable":true,"href":"https:\/\/archive.sana.sy\/tr\/index.php?rest_route=\/wp\/v2\/users\/1"}],"replies":[{"embeddable":true,"href":"https:\/\/archive.sana.sy\/tr\/index.php?rest_route=%2Fwp%2Fv2%2Fcomments&post=3637"}],"version-history":[{"count":0,"href":"https:\/\/archive.sana.sy\/tr\/index.php?rest_route=\/wp\/v2\/posts\/3637\/revisions"}],"wp:featuredmedia":[{"embeddable":true,"href":"https:\/\/archive.sana.sy\/tr\/index.php?rest_route=\/wp\/v2\/media\/3627"}],"wp:attachment":[{"href":"https:\/\/archive.sana.sy\/tr\/index.php?rest_route=%2Fwp%2Fv2%2Fmedia&parent=3637"}],"wp:term":[{"taxonomy":"category","embeddable":true,"href":"https:\/\/archive.sana.sy\/tr\/index.php?rest_route=%2Fwp%2Fv2%2Fcategories&post=3637"},{"taxonomy":"post_tag","embeddable":true,"href":"https:\/\/archive.sana.sy\/tr\/index.php?rest_route=%2Fwp%2Fv2%2Ftags&post=3637"}],"curies":[{"name":"wp","href":"https:\/\/api.w.org\/{rel}","templated":true}]}}