{"id":36370,"date":"2015-06-10T21:06:26","date_gmt":"2015-06-10T18:06:26","guid":{"rendered":"http:\/\/sana.sy\/tr\/?p=36370"},"modified":"2015-06-11T13:37:55","modified_gmt":"2015-06-11T10:37:55","slug":"kalamun-daglarinda-hakimiyet-alani-genisledi-sam-ve-halep-kirsallarinda-nusra-ikmal-yollari-imha-edildi","status":"publish","type":"post","link":"https:\/\/archive.sana.sy\/tr\/?p=36370","title":{"rendered":"Kalamun Da\u011flar\u0131nda Hakimiyet Alan\u0131 Geni\u015fledi&#8230; Kuzeyde ise \u0130kmal ve Destek Hatlar\u0131 Bombaland\u0131"},"content":{"rendered":"<p>\u0130LLER \u2013 Suriye Arap ordusunun ter\u00f6rle m\u00fccadele operasyonlar\u0131 ba\u015far\u0131larla s\u00fcr\u00fcyor. Operasyonlarda d\u0131\u015f destekli kiral\u0131k, hain ve tekfirci ter\u00f6ristlerin say\u0131 ve te\u00e7hizat bak\u0131m\u0131ndan a\u011f\u0131r kay\u0131plar\u0131 da gittik\u00e7e art\u0131yor.<\/p>\n<p><span style=\"color: #0000ff\">\u015eAM KIRSALI:<\/span><\/p>\n<p>Ordu birliklerimiz L\u00fcbnan ulusal direni\u015f g\u00fc\u00e7leriyle i\u015fbirli\u011fi i\u00e7inde \u015eam k\u0131rsal\u0131n\u0131n Kalemun Da\u011flar\u0131nda Ceracir Da\u011flar\u0131n\u0131n Ras el Kov\u015f ve Kadumi Vadisinin ba\u015flang\u0131c\u0131ndaki Tamse,\u00a0Ahmar Vadisi ve Ahmar Vadisi B\u00f6lmesinde onlarca tekfirciyi \u00f6ld\u00fcrmeleri ard\u0131ndan b\u00f6lgeleri hakimiyetleri alt\u0131na ald\u0131.<\/p>\n<p>\u015eam k\u0131rsal\u0131n\u0131n g\u00fcneybat\u0131s\u0131nda uluslararas\u0131 ter\u00f6r listesinde yer almas\u0131yla birlikte \u00dcrd\u00fcn ve \u0130srail&#8217;den her tr\u00fcl\u00fc deste\u011fi alan Nusra Cephesi tekfircilerine y\u00f6nelik operasyonlar\u0131n\u0131 s\u00fcrd\u00fcren ordu birliklerimiz; bu \u00e7etelere ait bir\u00e7ok mevki ve arac\u0131 muhtevalar\u0131yla imha etti.<\/p>\n<p>Askeri kaynak ordu birliklerimizin Beyt Cin K\u00f6y\u00fcnde Nusra Cephesine tabi \u00e7ok say\u0131da ter\u00f6risti \u00f6ld\u00fcrd\u00fcklerini, muhtelif t\u00fcr a\u011f\u0131r silahlar\u0131n monte edildi\u011fi birka\u00e7 ara\u00e7, silah ve cephanelerini de imha ettiklerini s\u00f6yledi.<\/p>\n<p>Kaynak, ordu birliklerimizin \u015eam k\u0131rsal\u0131n\u0131n yine g\u00fcneybat\u0131s\u0131 Han el \u015eiyh, H\u00fcseyniye Beldesinin bat\u0131s\u0131ndaki mezralar ve Beyt Cin Mezras\u0131nda d\u00fczenledikleri operasyonlarda Nusra Cephesi ve \u015femsiyesi alt\u0131ndaki tekfiri \u00f6rg\u00fctlerden \u00e7ok say\u0131da ter\u00f6risti \u00f6l\u00fc ve yaral\u0131 d\u00fc\u015f\u00fcrd\u00fcklerini, bir\u00e7ok ara\u00e7c\u0131n da yine imha edildi\u011fini aktard\u0131.<\/p>\n<p>Ordu birliklerimiz L\u00fcbnan direni\u015f g\u00fc\u00e7leriyle i\u015fbirli\u011fi i\u00e7inde \u015eam k\u0131rsal\u0131 Kalemun B\u00f6lgesine d\u00fc\u015fen Ceracir da\u011flar\u0131n\u0131n g\u00fcneyinde \u2018Bloksat Tepeleri\u2019 olarak bilinen da\u011flar\u0131 ter\u00f6ristlerden temizleyerek kontrol\u00fcne ge\u00e7irdi.<\/p>\n<div id='gallery-1' class='gallery galleryid-36370 gallery-columns-2 gallery-size-medium'><figure class='gallery-item'>\n\t\t\t<div class='gallery-icon landscape'>\n\t\t\t\t<a href='https:\/\/archive.sana.sy\/tr\/wp-content\/uploads\/2015\/06\/\u062a\u0642\u0631\u064a\u0631-\u062c\u0631\u0648\u062f-\u0641\u0644\u064a\u0637\u0629-10-6-2015.Still001.jpg'><img loading=\"lazy\" decoding=\"async\" width=\"300\" height=\"243\" src=\"https:\/\/archive.sana.sy\/tr\/wp-content\/uploads\/2015\/06\/\u062a\u0642\u0631\u064a\u0631-\u062c\u0631\u0648\u062f-\u0641\u0644\u064a\u0637\u0629-10-6-2015.Still001-300x243.jpg\" class=\"attachment-medium size-medium\" alt=\"\" srcset=\"https:\/\/archive.sana.sy\/tr\/wp-content\/uploads\/2015\/06\/\u062a\u0642\u0631\u064a\u0631-\u062c\u0631\u0648\u062f-\u0641\u0644\u064a\u0637\u0629-10-6-2015.Still001-300x243.jpg 300w, https:\/\/archive.sana.sy\/tr\/wp-content\/uploads\/2015\/06\/\u062a\u0642\u0631\u064a\u0631-\u062c\u0631\u0648\u062f-\u0641\u0644\u064a\u0637\u0629-10-6-2015.Still001-150x122.jpg 150w, https:\/\/archive.sana.sy\/tr\/wp-content\/uploads\/2015\/06\/\u062a\u0642\u0631\u064a\u0631-\u062c\u0631\u0648\u062f-\u0641\u0644\u064a\u0637\u0629-10-6-2015.Still001-1024x830.jpg 1024w, https:\/\/archive.sana.sy\/tr\/wp-content\/uploads\/2015\/06\/\u062a\u0642\u0631\u064a\u0631-\u062c\u0631\u0648\u062f-\u0641\u0644\u064a\u0637\u0629-10-6-2015.Still001.jpg 1332w\" sizes=\"auto, (max-width: 300px) 100vw, 300px\" \/><\/a>\n\t\t\t<\/div><\/figure><figure class='gallery-item'>\n\t\t\t<div class='gallery-icon landscape'>\n\t\t\t\t<a href='https:\/\/archive.sana.sy\/tr\/wp-content\/uploads\/2015\/06\/\u062a\u0642\u0631\u064a\u0631-\u062c\u0631\u0648\u062f-\u0641\u0644\u064a\u0637\u0629-10-6-2015.Still002.jpg'><img loading=\"lazy\" decoding=\"async\" width=\"300\" height=\"240\" src=\"https:\/\/archive.sana.sy\/tr\/wp-content\/uploads\/2015\/06\/\u062a\u0642\u0631\u064a\u0631-\u062c\u0631\u0648\u062f-\u0641\u0644\u064a\u0637\u0629-10-6-2015.Still002-300x240.jpg\" class=\"attachment-medium size-medium\" alt=\"\" srcset=\"https:\/\/archive.sana.sy\/tr\/wp-content\/uploads\/2015\/06\/\u062a\u0642\u0631\u064a\u0631-\u062c\u0631\u0648\u062f-\u0641\u0644\u064a\u0637\u0629-10-6-2015.Still002-300x240.jpg 300w, https:\/\/archive.sana.sy\/tr\/wp-content\/uploads\/2015\/06\/\u062a\u0642\u0631\u064a\u0631-\u062c\u0631\u0648\u062f-\u0641\u0644\u064a\u0637\u0629-10-6-2015.Still002-150x120.jpg 150w, https:\/\/archive.sana.sy\/tr\/wp-content\/uploads\/2015\/06\/\u062a\u0642\u0631\u064a\u0631-\u062c\u0631\u0648\u062f-\u0641\u0644\u064a\u0637\u0629-10-6-2015.Still002-1024x819.jpg 1024w, https:\/\/archive.sana.sy\/tr\/wp-content\/uploads\/2015\/06\/\u062a\u0642\u0631\u064a\u0631-\u062c\u0631\u0648\u062f-\u0641\u0644\u064a\u0637\u0629-10-6-2015.Still002.jpg 1350w\" sizes=\"auto, (max-width: 300px) 100vw, 300px\" \/><\/a>\n\t\t\t<\/div><\/figure>\n\t\t<\/div>\n\n<p>https:\/\/www.youtube.com\/watch?v=_sQ3lDlf4vc<\/p>\n<p><span style=\"color: #0000ff\">HALEP:<\/span><\/p>\n<p>Halep\u2019te vatan topraklar\u0131n\u0131 ve halk\u0131 savunan ordu birliklerimiz kuzey k\u0131rsal\u0131nda tekfiri ter\u00f6rist \u00f6rg\u00fctlerin katil Erdo\u011fan rejimi ile ikmal yollar\u0131 ve ara\u00e7lar\u0131n\u0131 imha ederken \u00e7ok say\u0131da tekfiri ter\u00f6risti \u00f6l\u00fc d\u00fc\u015f\u00fcrd\u00fc.<\/p>\n<p>Halep Kentinde askeri kaynak ordu birliklerimizin Beni Zeyd, S\u00fckkeri, Bostan el Kasr , \u015eeyh Said, Ceznati, Kerm el Tarrab, Ra\u015fidin ve \u015eear\u2019da Nusra Cephesi ve di\u011fer tekfiri \u00e7etelere tabi olan ve bir k\u0131sm\u0131 yabanc\u0131 olan onlarca ter\u00f6risti a\u011f\u0131r silahlar\u0131 ve ara\u00e7lar\u0131yla etkisizle\u015ftirdiklerini belirtti.<\/p>\n<p>Kaynak, Halep k\u0131rsal\u0131n\u0131n kuzeybat\u0131s\u0131nda tekfirci ve hainlerin toplanma merkezlerinin yan\u0131 s\u0131ra T\u00fcrkiye s\u0131n\u0131r\u0131 kanal\u0131yla ikmal yollar\u0131na yo\u011fun operasyonlar d\u00fczenlendi\u011fini, bunun sonucunda \u00e7ok say\u0131da ter\u00f6ristin \u00f6l\u00fc ve yaral\u0131 d\u00fc\u015f\u00fcrd\u00fcklerini s\u00f6yledi. Ayn\u0131 kaynak Hayyan Beldesinde de ter\u00f6ristlere ait ara\u00e7 ve cephanenin imha edildi\u011fini s\u00f6zlerine ekledi.<\/p>\n<p>Halep k\u0131rsal\u0131n\u0131n\u00a0g\u00fcneydo\u011fusundaki \u015eeyh Lutfi K\u00f6y\u00fcnde de ordu birliklerimizin Nusra Cephesi \u015femsiyesi alt\u0131nda toplanan tekfiri ter\u00f6ristlerin yuvalar\u0131na y\u00f6nelik operasyonlar\u0131 sonucunda \u00e7ok say\u0131da ter\u00f6risti \u00f6l\u00fc ve yaral\u0131 d\u00fc\u015f\u00fcrd\u00fcklerini belirten kaynak; muhtelif t\u00fcr a\u011f\u0131r silahlar\u0131n monte edildi\u011fi baz\u0131 ara\u00e7lar\u0131n\u0131 da imha ettiklerini belirtti.<\/p>\n<p>Kaynak, birliklerimizin Halep do\u011fu k\u0131rsal\u0131nda Rakka yolu \u00fczerindeki uluslararas\u0131 otoban \u00fczerinde yer alan Hava Akademisi \u00e7evresinde uluslararas\u0131 ter\u00f6r listesinde yer alan I\u015e\u0130D ter\u00f6r \u00f6rg\u00fct\u00fc saflar\u0131nda \u00e7ok say\u0131da ter\u00f6ristle birlikte baz\u0131lar\u0131 a\u011f\u0131r silahlarla donat\u0131lm\u0131\u015f ara\u00e7lar\u0131 ta\u015f\u0131d\u0131klar\u0131 vephane ve ter\u00f6ristlerle birlikte imha ettiklerine dikkat \u00e7ekti.<\/p>\n<p><span style=\"color: #0000ff\">S\u00dcVEYDA:<\/span><\/p>\n<p>Di\u011fer yandan ordu birliklerimiz S\u00fcveyda kuzeydo\u011fu k\u0131rsal\u0131nda uluslararas\u0131 ter\u00f6r listesinde yer alan I\u015e\u0130D ter\u00f6r \u00f6rg\u00fct\u00fcne ait yuva ve ara\u00e7lar\u0131 imha etti.<\/p>\n<p>Askeri kaynak ordu birliklerimizin I\u015e\u0130D ter\u00f6ristlerinin hareketlenmeleriyle ilgili ald\u0131\u011f\u0131 bilgiler y\u00f6n\u00fcnde kentin 55 km kuzeydo\u011fusundaki Tel Buseyne \u00e7evresinde bulunan toplanma merkezlerini yo\u011fun ate\u015fe tuttuklar\u0131n\u0131 belirtti.\u00a0Kaynak s\u00f6z konusu operasyonlar\u0131n \u00e7ok say\u0131da I\u015e\u0130D ter\u00f6ristinin \u00f6l\u00fc ve yaral\u0131 d\u00fc\u015f\u00fcr\u00fclmesi, a\u011f\u0131r silahlarla donat\u0131lm\u0131\u015f ara\u00e7lar\u0131n\u0131n da imha edilmesiyle sonu\u00e7land\u0131\u011f\u0131n\u0131 s\u00f6yledi.<\/p>\n<p><span style=\"color: #0000ff\">DERA:<\/span><\/p>\n<p>Dera k\u0131rsal\u0131nda ise d\u00fc\u015fman \u0130srail ba\u011flant\u0131l\u0131 Nusra Cephesi ve m\u00fcttefikleri ter\u00f6r \u00f6rg\u00fctlerine ait yuva ve toplanma merkezleri vatan koruyucular\u0131m\u0131z taraf\u0131ndan imha edildi.<\/p>\n<p>Askeri kaynak ordu birliklerimizin Lucat B\u00f6lgesi el Mutille ve Ruveysat K\u00f6ylerinde ter\u00f6ristlerin yuvalar\u0131na y\u00f6nelik ba\u015far\u0131l\u0131 operasyonlar d\u00fczenledi.\u00a0Kaynak ba\u015far\u0131l\u0131 operasyonlar sonucunda b\u00fcy\u00fck \u00e7o\u011funlu\u011fu Nusra Cephesi \u015femsiyesi alt\u0131ndaki s\u00f6zde \u201c\u00d6meri Alaylar\u0131\u201d, \u201cYermuk Ordusu\u201d ve Muhacirin ve Ensar Alay\u0131\u201d adl\u0131 \u00f6rg\u00fctler ba\u015fta olmak \u00fczere \u00e7ok say\u0131da ter\u00f6ristin \u00f6l\u00fc ve yaral\u0131 d\u00fc\u015f\u00fcr\u00fcld\u00fc\u011f\u00fcn\u00fc belirtti.<\/p>\n<p>Kaynak, Dera kuzey k\u0131rsal\u0131 Hbab K\u00f6y\u00fc g\u00fcneydo\u011fusunda ordu birliklerimizin baz\u0131 ter\u00f6ristleri \u00f6ld\u00fcrd\u00fcklerini, ellerindeki silah ve cephanelerini de imha ettiklerini ifade etti.<\/p>\n<p>Kaynak; hava g\u00fc\u00e7lerimizin Dera k\u0131rsal\u0131n\u0131n kuzeydo\u011fusu Hrak Beldesinin \u00e7evresinde ter\u00f6ristlerin toplanma merkezlerini hedef almalar\u0131yla onlarca ter\u00f6risti \u00f6ld\u00fcr\u00fcp ara\u00e7lar\u0131n\u0131 da imha ettiklerine dikkat \u00e7ekti.<\/p>\n<p>Bu esnada tekfiri ter\u00f6r \u00f6rg\u00fctleri sosyal medyalar\u0131nda Dera k\u0131rsal\u0131nda 25 \u00e7ete \u00fcyesinin \u00f6ld\u00fc\u011f\u00fcn\u00fc, bunlar\u0131n aras\u0131nda s\u00f6zde &#8216;el S\u0131bteyn Alay\u0131&#8217;n\u0131n saha komutan\u0131\u201d Mahir Rafi\u2019, Maan \u0130smail el \u0130d, Muhammed Ebu Ovn, Ahmet Kas\u0131m Mefalani, \u0130brahim Cibavi ve Hassan el Ayya\u015f gibi tehlikeli isimlerin bulundu\u011fu itiraf etti.<\/p>\n<p><span style=\"color: #0000ff\">HASEKE :<\/span><\/p>\n<p>Haseke Valili\u011finde bir kaynak; ordu birliklerimizin Haseke k\u0131rsal\u0131n\u0131n g\u00fcneyi Uluslararas\u0131 Okul ve S\u00fcr\u00fc\u015f\u00fc Okulu civarlar\u0131nda I\u015e\u0130D\u2019in toplanma yerlerini yo\u011fun top ate\u015fiyle hedef ald\u0131klar\u0131n\u0131 ifade etti.<\/p>\n<p>Kaynak; operasyonlarda \u00e7ok say\u0131da ter\u00f6ristin \u00f6ld\u00fcr\u00fcl\u00fcp ara\u00e7, silah ve m\u00fchimmat\u0131n da imha edildi\u011fini belirtti.<\/p>\n<p>Ordu birliklerimizin Haseke k\u0131rsal\u0131n\u0131n g\u00fcneybat\u0131s\u0131 Savda ve Abd k\u00f6ylerinde de I\u015e\u0130D\u2019in toplanma yerleri ve mevkilerini imha ettiklerini s\u00f6yleyen kaynak; buralarda da y\u00fcksek say\u0131da ter\u00f6risti \u00f6l\u00fc ve yaral\u0131 d\u00fc\u015f\u00fcrd\u00fcklerini s\u00f6zlerine ekledi.<\/p>\n<p>Bu arada hava g\u00fc\u00e7lerimizin Haseke k\u0131rsal\u0131n\u0131n 50 km g\u00fcneyine d\u00fc\u015fen \u015eeddadi Kasabas\u0131nda I\u015e\u0130D mevkilerini hedef almalar\u0131yla onlarca tekfirci etkisiz hale getirildi.<\/p>\n<p><span style=\"color: #0000ff\">HOMS :<\/span><\/p>\n<p>\u00d6te yandan Homs k\u0131rsal\u0131n\u0131n kuzeyi A\u015fa\u011f\u0131 Resten B\u00f6lgesinde Nusra Cephesi, \u2018Homs Kolordusu\u2019 ve \u2018Faruk Taburlar\u0131\u2019 adl\u0131 ter\u00f6r \u00e7etelere ait karargahlar\u0131 imha eden ordu birliklerimiz aralar\u0131nda saha komutanlar\u0131n\u0131n bulundu\u011fu bir\u00e7ok ter\u00f6risti \u00f6ld\u00fcrd\u00fc.<\/p>\n<p>Homs iline tabi Hule B\u00f6lgesine d\u00fc\u015fen Teldo ve Teldahab beldelerinde ise ordu birliklerimiz, Nusra Cephesine ait a\u011f\u0131r makineli silahla donat\u0131lm\u0131\u015f iki arac\u0131 imha ederken \u00e7ok say\u0131da ter\u00f6risti \u00f6l\u00fc ve yaral\u0131 d\u00fc\u015f\u00fcrd\u00fc.<\/p>\n<p>Homs k\u0131rsal\u0131n\u0131n do\u011fusu Cezl ve Beyyarat petrol platformlar\u0131 civarlar\u0131nda I\u015e\u0130D ara\u00e7lar\u0131 ve toplanma yerlerini bombalayan hava g\u00fc\u00e7lerimiz; buralarda da \u00e7ok say\u0131da ter\u00f6risti ara\u00e7 ve silahlar\u0131yla etkisizle\u015ftirdi.<\/p>\n<p><span style=\"color: #0000ff\">LAZK\u0130YE :<\/span><\/p>\n<p>Askeri kaynak; hava g\u00fc\u00e7lerimizin Lazkiye k\u0131rsal\u0131n\u0131n kuzeyi Naciye ve Ba\u015fura b\u00f6lgelerinde ise ter\u00f6r \u00f6rg\u00fctlerinin komutanlar\u0131na ait bir karargah, f\u00fcze rampas\u0131, cephane ve silahlar\u0131n\u0131 imha ederek aralar\u0131nda \u00e7ete eleba\u015flar\u0131n\u0131n bulundu\u011fu bir\u00e7ok ter\u00f6risti \u00f6ld\u00fcrd\u00fcklerini belirtti.<\/p>\n<p><span style=\"color: #0000ff\">HAMA :<\/span><\/p>\n<p>Di\u011fer yandan hava g\u00fc\u00e7lerimiz Hama iline tabi Selemiye Kentinin 14 km kuzeyine d\u00fc\u015fen Cana el Elbavi ve Fasde b\u00f6lgelerinde ter\u00f6r \u00f6rg\u00fctlerine ait yuva ve ara\u00e7lar\u0131 imha ederek onlarca ter\u00f6risti \u00f6l\u00fc ve yaral\u0131 d\u00fc\u015f\u00fcrd\u00fc.<\/p>\n<p>Hama k\u0131rsal\u0131n\u0131n 70 km do\u011fusuna d\u00fc\u015fen Naime ve Ukeyrbat b\u00f6lgelerinde ise ter\u00f6ristlerin siperlerini hedef alan hava g\u00fc\u00e7lerimiz, tekfirci ve hainlerin saflar\u0131nda a\u011f\u0131r kay\u0131plara yol a\u00e7t\u0131.<\/p>\n<p><span style=\"color: #0000ff\">\u0130DL\u0130B :<\/span><\/p>\n<p>Askeri kaynak; \u0130dlib k\u0131rsal\u0131 Ebu Zuhur civar\u0131, Mecas, Murata, Me\u015fim\u015fan, Ayn el Barde, Miryan, Ariha ve Serakib b\u00f6lgelerinde de hava g\u00fc\u00e7lerimizin ter\u00f6ristlerin toplanma yerleri ve ara\u00e7lar\u0131n\u0131 imha ettiklerini aktard\u0131.<\/p>\n<p>A.A. &#8211; S.\u015e. &#8211; M.M. &#8211; R.H.<\/p>\n","protected":false},"excerpt":{"rendered":"<p>\u0130LLER \u2013 Suriye Arap ordusunun ter\u00f6rle m\u00fccadele operasyonlar\u0131 ba\u015far\u0131larla s\u00fcr\u00fcyor. Operasyonlarda d\u0131\u015f destekli kiral\u0131k, hain ve tekfirci ter\u00f6ristlerin say\u0131 ve te\u00e7hizat bak\u0131m\u0131ndan a\u011f\u0131r kay\u0131plar\u0131 da gittik\u00e7e art\u0131yor. \u015eAM KIRSALI: Ordu birliklerimiz L\u00fcbnan ulusal direni\u015f g\u00fc\u00e7leriyle i\u015fbirli\u011fi i\u00e7inde \u015eam k\u0131rsal\u0131n\u0131n Kalemun Da\u011flar\u0131nda Ceracir Da\u011flar\u0131n\u0131n Ras el Kov\u015f ve Kadumi Vadisinin ba\u015flang\u0131c\u0131ndaki Tamse,\u00a0Ahmar Vadisi ve Ahmar Vadisi &hellip;<\/p>\n","protected":false},"author":1,"featured_media":35837,"comment_status":"closed","ping_status":"closed","sticky":false,"template":"","format":"standard","meta":{"footnotes":""},"categories":[575],"tags":[],"class_list":["post-36370","post","type-post","status-publish","format-standard","has-post-thumbnail","","category-olaylar-ve-gercekler"],"_links":{"self":[{"href":"https:\/\/archive.sana.sy\/tr\/index.php?rest_route=\/wp\/v2\/posts\/36370","targetHints":{"allow":["GET"]}}],"collection":[{"href":"https:\/\/archive.sana.sy\/tr\/index.php?rest_route=\/wp\/v2\/posts"}],"about":[{"href":"https:\/\/archive.sana.sy\/tr\/index.php?rest_route=\/wp\/v2\/types\/post"}],"author":[{"embeddable":true,"href":"https:\/\/archive.sana.sy\/tr\/index.php?rest_route=\/wp\/v2\/users\/1"}],"replies":[{"embeddable":true,"href":"https:\/\/archive.sana.sy\/tr\/index.php?rest_route=%2Fwp%2Fv2%2Fcomments&post=36370"}],"version-history":[{"count":0,"href":"https:\/\/archive.sana.sy\/tr\/index.php?rest_route=\/wp\/v2\/posts\/36370\/revisions"}],"wp:featuredmedia":[{"embeddable":true,"href":"https:\/\/archive.sana.sy\/tr\/index.php?rest_route=\/wp\/v2\/media\/35837"}],"wp:attachment":[{"href":"https:\/\/archive.sana.sy\/tr\/index.php?rest_route=%2Fwp%2Fv2%2Fmedia&parent=36370"}],"wp:term":[{"taxonomy":"category","embeddable":true,"href":"https:\/\/archive.sana.sy\/tr\/index.php?rest_route=%2Fwp%2Fv2%2Fcategories&post=36370"},{"taxonomy":"post_tag","embeddable":true,"href":"https:\/\/archive.sana.sy\/tr\/index.php?rest_route=%2Fwp%2Fv2%2Ftags&post=36370"}],"curies":[{"name":"wp","href":"https:\/\/api.w.org\/{rel}","templated":true}]}}