{"id":3639,"date":"2014-06-22T13:05:33","date_gmt":"2014-06-22T10:05:33","guid":{"rendered":"http:\/\/www.sana.sy\/tr\/?p=3639"},"modified":"2014-06-22T13:05:33","modified_gmt":"2014-06-22T10:05:33","slug":"suudi-arabistanin-teroru-destekleyen-politikalari-protesto-edildi","status":"publish","type":"post","link":"https:\/\/archive.sana.sy\/tr\/?p=3639","title":{"rendered":"Suudi Arabistan\u2019\u0131n Ter\u00f6r\u00fc Destekleyen Politikalar\u0131 Protesto Edildi"},"content":{"rendered":"<p><span style=\"color: #0000ff\">BR\u00dcKSEL \u2013<\/span> Bel\u00e7ika\u2019da ya\u015fayan Suriyeli ve Irakl\u0131 gurbet\u00e7iler Bel\u00e7ikal\u0131 bir\u00e7ok vatanda\u015f\u0131n deste\u011fi ile Ba\u015fken Br\u00fcksel\u2019de bulunan Suudi Arabistan B\u00fcy\u00fckel\u00e7ili\u011fi \u00f6n\u00fcnde d\u00fczenledikleri g\u00f6steride Suudi Arabistan\u2019\u0131n Suriye ve Irak\u2019ta kaos ortam\u0131 yaratan ter\u00f6r \u00f6rg\u00fctlerini desteklemesini protesto ettiler.<\/p>\n<p>Suudi Arabistan B\u00fcy\u00fckel\u00e7ili\u011fi binas\u0131n\u0131n bulundu\u011fu Franklin Caddesini dolduran kat\u0131l\u0131mc\u0131lar; Suudi Arabistan y\u00f6netimini, Irak ve Suriye\u2019de bulunan silahl\u0131 ter\u00f6r gruplar\u0131n\u0131 destekleyen siyaseti nedeniyle \u015fiddetle protesto ettiklerini dile getirdiler.<\/p>\n<p>Ellerinde Suudi Arabistan\u2019\u0131n ba\u015fka \u00fclkelerin i\u00e7i\u015flerine m\u00fcdahale etmesini reddeden ibareler yaz\u0131l\u0131 pankart ve flamalar ta\u015f\u0131yan kat\u0131l\u0131mc\u0131lar; Suudi Arabistan\u2019\u0131n silahl\u0131 ter\u00f6r gruplar\u0131na verdi\u011fi lojistik ve siyasi deste\u011fin art\u0131k ayyuka \u00e7\u0131kt\u0131\u011f\u0131n\u0131 vurgulad\u0131lar.<\/p>\n<p><a href=\"http:\/\/www.sana.sy\/tr\/wp-content\/uploads\/2014\/06\/gurbet\u00e7iler-22.jpg\"><img loading=\"lazy\" decoding=\"async\" class=\"aligncenter wp-image-3626 size-full\" src=\"http:\/\/www.sana.sy\/tr\/wp-content\/uploads\/2014\/06\/gurbet\u00e7iler-22.jpg\" alt=\"gurbet\u00e7iler 2\" width=\"620\" height=\"827\" srcset=\"https:\/\/archive.sana.sy\/tr\/wp-content\/uploads\/2014\/06\/gurbet\u00e7iler-22.jpg 620w, https:\/\/archive.sana.sy\/tr\/wp-content\/uploads\/2014\/06\/gurbet\u00e7iler-22-112x150.jpg 112w, https:\/\/archive.sana.sy\/tr\/wp-content\/uploads\/2014\/06\/gurbet\u00e7iler-22-224x300.jpg 224w\" sizes=\"auto, (max-width: 620px) 100vw, 620px\" \/><\/a><\/p>\n","protected":false},"excerpt":{"rendered":"<p>BR\u00dcKSEL \u2013 Bel\u00e7ika\u2019da ya\u015fayan Suriyeli ve Irakl\u0131 gurbet\u00e7iler Bel\u00e7ikal\u0131 bir\u00e7ok vatanda\u015f\u0131n deste\u011fi ile Ba\u015fken Br\u00fcksel\u2019de bulunan Suudi Arabistan B\u00fcy\u00fckel\u00e7ili\u011fi \u00f6n\u00fcnde d\u00fczenledikleri g\u00f6steride Suudi Arabistan\u2019\u0131n Suriye ve Irak\u2019ta kaos ortam\u0131 yaratan ter\u00f6r \u00f6rg\u00fctlerini desteklemesini protesto ettiler. Suudi Arabistan B\u00fcy\u00fckel\u00e7ili\u011fi binas\u0131n\u0131n bulundu\u011fu Franklin Caddesini dolduran kat\u0131l\u0131mc\u0131lar; Suudi Arabistan y\u00f6netimini, Irak ve Suriye\u2019de bulunan silahl\u0131 ter\u00f6r gruplar\u0131n\u0131 destekleyen &hellip;<\/p>\n","protected":false},"author":1,"featured_media":3624,"comment_status":"closed","ping_status":"closed","sticky":false,"template":"","format":"standard","meta":{"footnotes":""},"categories":[1],"tags":[793],"class_list":["post-3639","post","type-post","status-publish","format-standard","has-post-thumbnail","","category-news-not-sorted","tag-suudi-arabistanin-teroru-destekleyen-politikalari-protesto-edildi"],"_links":{"self":[{"href":"https:\/\/archive.sana.sy\/tr\/index.php?rest_route=\/wp\/v2\/posts\/3639","targetHints":{"allow":["GET"]}}],"collection":[{"href":"https:\/\/archive.sana.sy\/tr\/index.php?rest_route=\/wp\/v2\/posts"}],"about":[{"href":"https:\/\/archive.sana.sy\/tr\/index.php?rest_route=\/wp\/v2\/types\/post"}],"author":[{"embeddable":true,"href":"https:\/\/archive.sana.sy\/tr\/index.php?rest_route=\/wp\/v2\/users\/1"}],"replies":[{"embeddable":true,"href":"https:\/\/archive.sana.sy\/tr\/index.php?rest_route=%2Fwp%2Fv2%2Fcomments&post=3639"}],"version-history":[{"count":0,"href":"https:\/\/archive.sana.sy\/tr\/index.php?rest_route=\/wp\/v2\/posts\/3639\/revisions"}],"wp:featuredmedia":[{"embeddable":true,"href":"https:\/\/archive.sana.sy\/tr\/index.php?rest_route=\/wp\/v2\/media\/3624"}],"wp:attachment":[{"href":"https:\/\/archive.sana.sy\/tr\/index.php?rest_route=%2Fwp%2Fv2%2Fmedia&parent=3639"}],"wp:term":[{"taxonomy":"category","embeddable":true,"href":"https:\/\/archive.sana.sy\/tr\/index.php?rest_route=%2Fwp%2Fv2%2Fcategories&post=3639"},{"taxonomy":"post_tag","embeddable":true,"href":"https:\/\/archive.sana.sy\/tr\/index.php?rest_route=%2Fwp%2Fv2%2Ftags&post=3639"}],"curies":[{"name":"wp","href":"https:\/\/api.w.org\/{rel}","templated":true}]}}