{"id":3641,"date":"2014-06-22T13:08:40","date_gmt":"2014-06-22T10:08:40","guid":{"rendered":"http:\/\/www.sana.sy\/tr\/?p=3641"},"modified":"2014-06-22T16:13:26","modified_gmt":"2014-06-22T13:13:26","slug":"amerikalilar-politikalarini-degistirmeleri-gerektigini-anladi","status":"publish","type":"post","link":"https:\/\/archive.sana.sy\/tr\/?p=3641","title":{"rendered":"Amerikal\u0131lar, Politikalar\u0131n\u0131 De\u011fi\u015ftirmeleri Gerekti\u011fini Anlad\u0131"},"content":{"rendered":"<p>WASH\u0130NGTON \u2013 ABD\u2019nin Virginia Eyaletinden Senat\u00f6r Richard Black Amerikal\u0131lar\u0131n, ABD\u2019nin Suriye&#8217;ye y\u00f6nelik politikalar\u0131n\u0131n de\u011fi\u015ftirilmesi gere\u011fine inanmaya ba\u015flad\u0131klar\u0131n\u0131 belirtti.<\/p>\n<p>Modern ileti\u015fim sistemleri arac\u0131l\u0131\u011f\u0131 ile SANA\u2019ya a\u00e7\u0131klama yapan Senat\u00f6r Black; Suriye halk\u0131n\u0131n 03 Haziranda yap\u0131lan Cumhurba\u015fkanl\u0131\u011f\u0131 se\u00e7imlerine yo\u011fun kat\u0131l\u0131m\u0131 ve mutlak \u00e7o\u011funlukla Cumhurba\u015fkan\u0131 Be\u015f\u015far el Esad\u2019\u0131 se\u00e7melerinin b\u00fcy\u00fck ve yank\u0131l\u0131 bir zafer elde ettiklerine dikkat \u00e7ekti.<\/p>\n<p>Black Suriye halk\u0131n\u0131n se\u00e7im ve sonu\u00e7lar\u0131yla ter\u00f6r ve destek\u00e7ilerine kar\u015f\u0131 azim ve kararl\u0131l\u0131kla meydan okudu\u011funa i\u015faret ederek, istikrar ve kalk\u0131nmayla dolu bir gelecek idealinde oldu\u011funu g\u00f6sterdi\u011fini s\u00f6yledi.<\/p>\n<p>ABD ve Bat\u0131l\u0131 devletlerin Suriye&#8217;ye y\u00f6nelik politikalar\u0131n\u0131 de\u011fi\u015ftirmelerinin ka\u00e7\u0131n\u0131lmaz bir gereklilik oldu\u011funu belirten Black; ABD ve Bat\u0131l\u0131 devletlerin barbarlar\u0131 desteklemeleri yerine ter\u00f6rle m\u00fccadelede Suriye ile ittifak kurmalar\u0131 \u00f6neminin alt\u0131n\u0131 \u00e7izdi.<\/p>\n<p>Black Amerikal\u0131, Bat\u0131l\u0131 ve Arap kimi taraflar\u0131n ter\u00f6ristleri e\u011fitip silahland\u0131rmalar\u0131 ard\u0131ndan masum sivilleri katletmek, \u00fclkede kaos ve \u015fiddeti yaymak i\u00e7in Suriye&#8217;ye g\u00f6nderildiklerini belirtti.<\/p>\n<p>Cumhurba\u015fkan\u0131 el Esad\u2019a g\u00f6nderdi\u011fi iki mektubuna \u0131\u015f\u0131k tutan Black; birincisinde Suriye halk\u0131n\u0131 ve b\u00f6lgelerini korumada g\u00f6sterdi\u011fi cesaret ve kahramanl\u0131ktan dolay\u0131 Suriye Arap Ordusuna \u015f\u00fckranlar\u0131n\u0131 ifade etti\u011fine dikkat \u00e7ekti. Black ikinci mektubunda ise Suriye halk\u0131n\u0131n birlik beraberli\u011fi ve se\u00e7imlere yo\u011fun kat\u0131l\u0131m\u0131yla yurtseverli\u011fini g\u00f6stermesi m\u00fcnasebetiyle Suriye halk\u0131na be\u011fenisini ifade etti\u011fini kaydetti.<\/p>\n<p>Amerikal\u0131 Senat\u00f6r Klack; Amerikan halk\u0131n\u0131n ABD\u2019li ve Bat\u0131l\u0131 medya taraf\u0131ndan kand\u0131r\u0131ld\u0131\u011f\u0131n\u0131 idrak etmeye ba\u015flad\u0131\u011f\u0131na dikkat \u00e7ekerken, dezenformasyonla kendilerine \u2018Suriyeli devrimciler\u2019 olarak adland\u0131r\u0131lanlar\u0131n radikal ter\u00f6ristlerden ba\u015fka bir \u015fey olmad\u0131klar\u0131n\u0131 anlad\u0131\u011f\u0131n\u0131 belirtti.<\/p>\n","protected":false},"excerpt":{"rendered":"<p>WASH\u0130NGTON \u2013 ABD\u2019nin Virginia Eyaletinden Senat\u00f6r Richard Black Amerikal\u0131lar\u0131n, ABD\u2019nin Suriye&#8217;ye y\u00f6nelik politikalar\u0131n\u0131n de\u011fi\u015ftirilmesi gere\u011fine inanmaya ba\u015flad\u0131klar\u0131n\u0131 belirtti. Modern ileti\u015fim sistemleri arac\u0131l\u0131\u011f\u0131 ile SANA\u2019ya a\u00e7\u0131klama yapan Senat\u00f6r Black; Suriye halk\u0131n\u0131n 03 Haziranda yap\u0131lan Cumhurba\u015fkanl\u0131\u011f\u0131 se\u00e7imlerine yo\u011fun kat\u0131l\u0131m\u0131 ve mutlak \u00e7o\u011funlukla Cumhurba\u015fkan\u0131 Be\u015f\u015far el Esad\u2019\u0131 se\u00e7melerinin b\u00fcy\u00fck ve yank\u0131l\u0131 bir zafer elde ettiklerine dikkat \u00e7ekti. Black &hellip;<\/p>\n","protected":false},"author":1,"featured_media":3642,"comment_status":"closed","ping_status":"closed","sticky":false,"template":"","format":"standard","meta":{"footnotes":""},"categories":[458,459,447],"tags":[794,795],"class_list":["post-3641","post","type-post","status-publish","format-standard","has-post-thumbnail","","category-dunya1","category-haberler-arap-uluslararasi-politika","category-politika","tag-amerikalilar","tag-politikalarini-degistirmeleri-gerektigini-anladi"],"_links":{"self":[{"href":"https:\/\/archive.sana.sy\/tr\/index.php?rest_route=\/wp\/v2\/posts\/3641","targetHints":{"allow":["GET"]}}],"collection":[{"href":"https:\/\/archive.sana.sy\/tr\/index.php?rest_route=\/wp\/v2\/posts"}],"about":[{"href":"https:\/\/archive.sana.sy\/tr\/index.php?rest_route=\/wp\/v2\/types\/post"}],"author":[{"embeddable":true,"href":"https:\/\/archive.sana.sy\/tr\/index.php?rest_route=\/wp\/v2\/users\/1"}],"replies":[{"embeddable":true,"href":"https:\/\/archive.sana.sy\/tr\/index.php?rest_route=%2Fwp%2Fv2%2Fcomments&post=3641"}],"version-history":[{"count":0,"href":"https:\/\/archive.sana.sy\/tr\/index.php?rest_route=\/wp\/v2\/posts\/3641\/revisions"}],"wp:featuredmedia":[{"embeddable":true,"href":"https:\/\/archive.sana.sy\/tr\/index.php?rest_route=\/wp\/v2\/media\/3642"}],"wp:attachment":[{"href":"https:\/\/archive.sana.sy\/tr\/index.php?rest_route=%2Fwp%2Fv2%2Fmedia&parent=3641"}],"wp:term":[{"taxonomy":"category","embeddable":true,"href":"https:\/\/archive.sana.sy\/tr\/index.php?rest_route=%2Fwp%2Fv2%2Fcategories&post=3641"},{"taxonomy":"post_tag","embeddable":true,"href":"https:\/\/archive.sana.sy\/tr\/index.php?rest_route=%2Fwp%2Fv2%2Ftags&post=3641"}],"curies":[{"name":"wp","href":"https:\/\/api.w.org\/{rel}","templated":true}]}}