{"id":36420,"date":"2015-06-10T20:45:48","date_gmt":"2015-06-10T17:45:48","guid":{"rendered":"http:\/\/sana.sy\/tr\/?p=36420"},"modified":"2015-06-11T15:23:54","modified_gmt":"2015-06-11T12:23:54","slug":"katarin-bulundugu-iddialar-resmen-ironiktir","status":"publish","type":"post","link":"https:\/\/archive.sana.sy\/tr\/?p=36420","title":{"rendered":"Katar\u2019\u0131n Bulundu\u011fu \u0130ddialar Resmen \u0130roniktir"},"content":{"rendered":"<p>\u015eAM \u2013 D\u0131\u015fi\u015fleri ve Gurbet\u00e7iler Bakanl\u0131\u011f\u0131 bug\u00fcn; Katar rejiminin mektubunda gelen as\u0131ls\u0131z ve bat\u0131l iddialara cevap olarak Birle\u015fmi\u015f Milletler genel sekreteri ve Uluslararas\u0131 G\u00fcvenlik Konseyi ba\u015fkan\u0131na e\u015f iki mektup g\u00f6nderdi.<\/p>\n<p>SANA\u2019n\u0131n bir n\u00fcshas\u0131n\u0131 ald\u0131\u011f\u0131 mektubunda Bakanl\u0131k; Katar rejiminin ter\u00f6re deste\u011fini \u00f6rtbas etme ve kamuoyunu yan\u0131ltma ama\u00e7l\u0131 olarak g\u00f6nderdi\u011fi 2015\/332\/S say\u0131l\u0131 mektubunda \u00f6ne s\u00fcrd\u00fc\u011f\u00fc iddialar\u0131n as\u0131ls\u0131z ve bat\u0131l iddialar oldu\u011funu, Suriye&#8217;nin de bu iddialar\u0131 reddetti\u011fini belirtti. Bakanl\u0131k Katar rejiminin bu mektubuyla \u00f6zel olarak G\u00fcvenlik Konseyinde \u00fcye devletler, genel olarak da BM\u2019de \u00fcye devletlerin dikkatlerini tekfirci ter\u00f6r \u00f6rg\u00fctlere direk olarak takdim etti\u011fi destek ve finanstan uzak tutmay\u0131 ama\u00e7lad\u0131\u011f\u0131n\u0131 ifade etti.<\/p>\n<p>Katar rejiminin takdim etti\u011fi mektupta bulundu\u011fu iddialar\u0131 \u2018ironik\u2019 olarak nitelendiren Bakanl\u0131k; Katar gibi bir devletin bu iddialarda bulunmas\u0131n\u0131n mant\u0131ks\u0131zl\u0131\u011f\u0131na dikkat \u00e7ekti. Bakanl\u0131k; Uluslararas\u0131 Kimyasal Silahlar\u0131 Yasaklama \u00d6rg\u00fct\u00fcn\u00fcn bizzat kendisinin, \u2018Suriye&#8217;nin uluslar aras\u0131 kimyasal silahlar\u0131 yasaklama anla\u015fmas\u0131 kapsam\u0131nda \u00fcst\u00fcne d\u00fc\u015fen t\u00fcm sorumluluklar\u0131 tamamen yerine getirdi\u011fini ve \u00f6rg\u00fct\u00fcn teknik sekretaryas\u0131 ile tam bir i\u015fbirli\u011fi sergiledi\u011fini\u2019 belirtti\u011fine dikkat \u00e7ekti.<\/p>\n<p>Bakanl\u0131k mektubunda; Katar rejiminin \u00f6ne s\u00fcrd\u00fc\u011f\u00fc bahane ve iddialar\u0131n tamamen sa\u00e7ma oldu\u011funu ifade ederken; Suriye&#8217;de kimyasal silahlar\u0131n kullan\u0131lmas\u0131 konusunda BM\u2019den ciddi bir soru\u015fturma yap\u0131lmas\u0131n\u0131 talep edenin Suriye oldu\u011funun alt\u0131n\u0131 \u00e7izdi. Katar, Suudi Arabistan, T\u00fcrkiye ve daha ba\u015fka devletlerin Suriye&#8217;de Kaide \u00d6rg\u00fct\u00fcn\u00fcn Suriye kolu Nusra Cephesi, I\u015e\u0130D ve daha ba\u015fka ter\u00f6r \u00f6rg\u00fctlere kimyasal madde dahil her t\u00fcrl\u00fc s\u0131n\u0131rs\u0131z deste\u011fi temin ettiklerinin art\u0131k d\u00fcnya taraf\u0131ndan bilindi\u011fine vurgu yapan Bakanl\u0131k; buna ili\u015fkin belge ve kan\u0131tlar\u0131n da say\u0131s\u0131z olup Arap ve uluslar aras\u0131 medyada yer ald\u0131\u011f\u0131n\u0131 belirtti. Bakanl\u0131k Katar rejiminin de \u00f6ne s\u00fcrd\u00fc\u011f\u00fc bu iddialarla uluslar aras\u0131 ter\u00f6r \u00f6rg\u00fctleri listesinde yer alan \u00f6rg\u00fctlere s\u0131n\u0131rs\u0131z deste\u011fini \u00f6rtme amac\u0131 ta\u015f\u0131d\u0131\u011f\u0131n\u0131 kaydetti.<\/p>\n<p>Katar \u015feyhlik rejimi despotlu\u011fu alt\u0131ndaki Katar medyas\u0131n\u0131n muhtelif organlar\u0131 ve ara\u00e7lar\u0131yla Suriye&#8217;de ter\u00f6r, \u015fiddet ve fitneye provokasyon yapt\u0131\u011f\u0131na dikkat \u00e7eken Bakanl\u0131k; Katar rejimi ve medyas\u0131n\u0131n destekleyip, \u00f6rt\u00fc ve te\u015fvikte bulunduklar\u0131 ter\u00f6ristlerin Suriye&#8217;de halka, mirasa, medeniyete, k\u00fclt\u00fcre ve istisnas\u0131z her \u015feye y\u00f6nelik sald\u0131r\u0131lar\u0131n\u0131n d\u00fcnya taraf\u0131ndan malum oldu\u011funu ifade etti.<\/p>\n<p>Bu ba\u011flamda Bakanl\u0131k Katar medyas\u0131n\u0131n \u00f6nde gelen kanallar\u0131ndan Cezire\u2019nin 27 May\u0131s 2015 tarihinde Kaide \u00d6rg\u00fct\u00fcn\u00fcn Suriye kolu olan ve uluslar aras\u0131 ter\u00f6r \u00f6rg\u00fctleri listesinde yer alan Nusra Cephesinin lideri \u2018Ebu Muhammed el Golani\u2019yi \u2018S\u0131n\u0131rs\u0131z\u2019 ad\u0131 alt\u0131nda yay\u0131nlad\u0131\u011f\u0131 programda konuklad\u0131\u011f\u0131na dikkat \u00e7ekti. Tekfirci ter\u00f6r \u00f6rg\u00fct\u00fc liderinin s\u00f6z konusu kanal ekranlar\u0131nda Suriye h\u00fck\u00fcmeti ve halk\u0131na direk tehditlerde bulundu\u011funu belirten Bakanl\u0131k; programda ter\u00f6r te\u015fviki ve provokasyonuyla adeta kin ve nefret kusuldu\u011funa i\u015faret etti.<\/p>\n<p>Bakanl\u0131k mektubunda ayr\u0131ca Nusra Cephesi liderinin Cezire ekran\u0131nda konuk edilmesinin, tekfirci ter\u00f6ristler ile televizyon kanal\u0131 ve efendileri Katar rejimi aras\u0131ndaki i\u015fbirli\u011fi, koordinasyon ve ba\u011flant\u0131lara ciddi bir kan\u0131t te\u015fkil etti\u011fine vurgu yapt\u0131. Bu gibi bir ter\u00f6r eleba\u015f\u0131n\u0131n bu \u015fekilde televizyon ekranlar\u0131nda konuk edilmesinin BM misak\u0131 ve uluslar aras\u0131 kanunlara kar\u015f\u0131 a\u00e7\u0131k bir ihlal te\u015fkil etti\u011fine dikkat \u00e7eken Bakanl\u0131k; Katar rejiminin iddialar\u0131 ile tutumu aras\u0131ndaki \u00e7eli\u015fkilere vurgu yapt\u0131.<\/p>\n<p>Katar rejiminin mektubunda s\u00f6z etti\u011fi \u2018arac\u0131 rol\u00fc\u2019 konusunda ise Bakanl\u0131k; Katar rejiminin Kaide, Nusra Cephesi, I\u015e\u0130D ve daha ba\u015fka tekfirci ter\u00f6r \u00e7eteleri aras\u0131nda arac\u0131 rol oynad\u0131\u011f\u0131n\u0131, rehinelerin serbest b\u0131rak\u0131lmas\u0131nda arac\u0131 rol\u00fcnden ziyade bu ter\u00f6r \u00f6rg\u00fctlere \u00f6dedi\u011fi milyonlarca dolarla onlara \u00f6nemli bir finans sa\u011flad\u0131\u011f\u0131na vurgu yapt\u0131. Bakanl\u0131k \u015feyhlik rejimin bu rol\u00fcnde de kendisi ile tekfirci ter\u00f6r \u00f6rg\u00fctleri aras\u0131ndaki ba\u011f ve koordinasyona \u00f6nemli bir kan\u0131t takdim etti\u011fini de belirtti.<\/p>\n<p>Bakanl\u0131k mektubunun sonunda Suriye&#8217;nin, BM ve G\u00fcvenlik Konseyinden; Suriye&#8217;de halka kar\u015f\u0131 her t\u00fcrl\u00fc vah\u015feti i\u015fleyen ter\u00f6r \u00f6rg\u00fctlere s\u0131n\u0131rs\u0131z deste\u011finden dolay\u0131 Katar rejimi ve yetkilileri hakk\u0131nda acil kanuni icraatlar almas\u0131n\u0131 talep etti\u011fini, bu mektubun da resmi belgeler ar\u015fivine kaydedilmesini talep etti.<\/p>\n<p>A.A. &#8211; M.M.<\/p>\n","protected":false},"excerpt":{"rendered":"<p>\u015eAM \u2013 D\u0131\u015fi\u015fleri ve Gurbet\u00e7iler Bakanl\u0131\u011f\u0131 bug\u00fcn; Katar rejiminin mektubunda gelen as\u0131ls\u0131z ve bat\u0131l iddialara cevap olarak Birle\u015fmi\u015f Milletler genel sekreteri ve Uluslararas\u0131 G\u00fcvenlik Konseyi ba\u015fkan\u0131na e\u015f iki mektup g\u00f6nderdi. SANA\u2019n\u0131n bir n\u00fcshas\u0131n\u0131 ald\u0131\u011f\u0131 mektubunda Bakanl\u0131k; Katar rejiminin ter\u00f6re deste\u011fini \u00f6rtbas etme ve kamuoyunu yan\u0131ltma ama\u00e7l\u0131 olarak g\u00f6nderdi\u011fi 2015\/332\/S say\u0131l\u0131 mektubunda \u00f6ne s\u00fcrd\u00fc\u011f\u00fc iddialar\u0131n as\u0131ls\u0131z &hellip;<\/p>\n","protected":false},"author":1,"featured_media":24525,"comment_status":"closed","ping_status":"closed","sticky":false,"template":"","format":"standard","meta":{"footnotes":""},"categories":[479,2554,2555,478],"tags":[15145],"class_list":["post-36420","post","type-post","status-publish","format-standard","has-post-thumbnail","","category-haberler-yerel","category-suriye-ve-dunya","category-suriye-ve-turkiye","category-yerel","tag-katarin-bulundugu-iddialar-resmen-ironiktir"],"_links":{"self":[{"href":"https:\/\/archive.sana.sy\/tr\/index.php?rest_route=\/wp\/v2\/posts\/36420","targetHints":{"allow":["GET"]}}],"collection":[{"href":"https:\/\/archive.sana.sy\/tr\/index.php?rest_route=\/wp\/v2\/posts"}],"about":[{"href":"https:\/\/archive.sana.sy\/tr\/index.php?rest_route=\/wp\/v2\/types\/post"}],"author":[{"embeddable":true,"href":"https:\/\/archive.sana.sy\/tr\/index.php?rest_route=\/wp\/v2\/users\/1"}],"replies":[{"embeddable":true,"href":"https:\/\/archive.sana.sy\/tr\/index.php?rest_route=%2Fwp%2Fv2%2Fcomments&post=36420"}],"version-history":[{"count":0,"href":"https:\/\/archive.sana.sy\/tr\/index.php?rest_route=\/wp\/v2\/posts\/36420\/revisions"}],"wp:featuredmedia":[{"embeddable":true,"href":"https:\/\/archive.sana.sy\/tr\/index.php?rest_route=\/wp\/v2\/media\/24525"}],"wp:attachment":[{"href":"https:\/\/archive.sana.sy\/tr\/index.php?rest_route=%2Fwp%2Fv2%2Fmedia&parent=36420"}],"wp:term":[{"taxonomy":"category","embeddable":true,"href":"https:\/\/archive.sana.sy\/tr\/index.php?rest_route=%2Fwp%2Fv2%2Fcategories&post=36420"},{"taxonomy":"post_tag","embeddable":true,"href":"https:\/\/archive.sana.sy\/tr\/index.php?rest_route=%2Fwp%2Fv2%2Ftags&post=36420"}],"curies":[{"name":"wp","href":"https:\/\/api.w.org\/{rel}","templated":true}]}}