{"id":36449,"date":"2015-06-10T20:55:57","date_gmt":"2015-06-10T17:55:57","guid":{"rendered":"http:\/\/sana.sy\/tr\/?p=36449"},"modified":"2015-06-10T21:02:35","modified_gmt":"2015-06-10T18:02:35","slug":"buyuk-onderin-vefat-yildonumu-munasebetiyle-fotograf-sergisi","status":"publish","type":"post","link":"https:\/\/archive.sana.sy\/tr\/?p=36449","title":{"rendered":"B\u00fcy\u00fck \u00d6nderin Vefat Y\u0131ld\u00f6n\u00fcm\u00fc M\u00fcnasebetiyle Foto\u011fraf Sergisi"},"content":{"rendered":"<p>LAZK\u0130YE \u2013 Modern Suriye&#8217;nin kurucusu b\u00fcy\u00fck \u00f6nder \u00f6l\u00fcms\u00fcz lider Haf\u0131z el Esad\u2019\u0131n aram\u0131zdan ayr\u0131l\u0131\u015f\u0131n\u0131n 15. y\u0131ld\u00f6n\u00fcm\u00fc m\u00fcnasebetiyle Lazkiye\u2019deki Esad K\u00fclt\u00fcr evinde bug\u00fcn foto\u011fraf sergisi a\u00e7\u0131ld\u0131.<\/p>\n<p>Osmanl\u0131 ve Frans\u0131z i\u015fgali ve s\u00f6m\u00fcr\u00fcs\u00fcne kar\u015f\u0131 Suriyeli halk\u0131 ve sembol direni\u015f\u00e7ilerinin m\u00fccadelesine \u0131\u015f\u0131k tutulan foto\u011fraf sergisinde; Siyonist \u0130srail&#8217;e kar\u015f\u0131 Ekim kurtulu\u015f sava\u015f\u0131 ve g\u00fcn\u00fcm\u00fczde b\u00f6lgesel kimi devletlerle birlikte tekfirci ve hain ter\u00f6ristlerin edat olarak kullan\u0131ld\u0131klar\u0131 evrensel ter\u00f6r sava\u015f\u0131nda Suriye&#8217;nin direni\u015fine \u0131\u015f\u0131k tutuluyor.<\/p>\n<p>Sergide ayn\u0131 zamanda b\u00fcy\u00fck \u00f6nderin d\u00f6neminde Suriye&#8217;de yap\u0131land\u0131r\u0131lan ekonomi, sa\u011fl\u0131k, hizmet, Spor, konut, k\u00fclt\u00fcrel, tar\u0131msal ve sosyal ba\u015far\u0131lara \u0131\u015f\u0131k tutuluyor. Bunun mukabilinde de muhtelif adland\u0131rmalar alt\u0131nda faaliyet g\u00f6steren ve temelde birbirlerinden farkl\u0131 olmayan ter\u00f6r \u00f6rg\u00fctlerin sabotaj ve ter\u00f6r eylemleri sonucunda tahrip edilen yerlerin yan\u0131 s\u0131ra Suriyelilerin mevcut ko\u015fullar ve meydan okumalara ra\u011fmen ya\u015fam iradelerini ifade eden foto\u011fraflar da yer al\u0131yor.<\/p>\n<div id='gallery-1' class='gallery galleryid-36449 gallery-columns-2 gallery-size-medium'><figure class='gallery-item'>\n\t\t\t<div class='gallery-icon landscape'>\n\t\t\t\t<a href='https:\/\/archive.sana.sy\/tr\/wp-content\/uploads\/2015\/06\/Esad-1.jpg'><img loading=\"lazy\" decoding=\"async\" width=\"300\" height=\"200\" src=\"https:\/\/archive.sana.sy\/tr\/wp-content\/uploads\/2015\/06\/Esad-1-300x200.jpg\" class=\"attachment-medium size-medium\" alt=\"\" srcset=\"https:\/\/archive.sana.sy\/tr\/wp-content\/uploads\/2015\/06\/Esad-1-300x200.jpg 300w, https:\/\/archive.sana.sy\/tr\/wp-content\/uploads\/2015\/06\/Esad-1-150x100.jpg 150w, https:\/\/archive.sana.sy\/tr\/wp-content\/uploads\/2015\/06\/Esad-1-1024x683.jpg 1024w\" sizes=\"auto, (max-width: 300px) 100vw, 300px\" \/><\/a>\n\t\t\t<\/div><\/figure><figure class='gallery-item'>\n\t\t\t<div class='gallery-icon landscape'>\n\t\t\t\t<a href='https:\/\/archive.sana.sy\/tr\/wp-content\/uploads\/2015\/06\/Esad-2.jpg'><img loading=\"lazy\" decoding=\"async\" width=\"300\" height=\"207\" src=\"https:\/\/archive.sana.sy\/tr\/wp-content\/uploads\/2015\/06\/Esad-2-300x207.jpg\" class=\"attachment-medium size-medium\" alt=\"\" srcset=\"https:\/\/archive.sana.sy\/tr\/wp-content\/uploads\/2015\/06\/Esad-2-300x207.jpg 300w, https:\/\/archive.sana.sy\/tr\/wp-content\/uploads\/2015\/06\/Esad-2-150x103.jpg 150w, https:\/\/archive.sana.sy\/tr\/wp-content\/uploads\/2015\/06\/Esad-2-1024x706.jpg 1024w\" sizes=\"auto, (max-width: 300px) 100vw, 300px\" \/><\/a>\n\t\t\t<\/div><\/figure><figure class='gallery-item'>\n\t\t\t<div class='gallery-icon landscape'>\n\t\t\t\t<a href='https:\/\/archive.sana.sy\/tr\/wp-content\/uploads\/2015\/06\/Esad-3.jpg'><img loading=\"lazy\" decoding=\"async\" width=\"300\" height=\"200\" src=\"https:\/\/archive.sana.sy\/tr\/wp-content\/uploads\/2015\/06\/Esad-3-300x200.jpg\" class=\"attachment-medium size-medium\" alt=\"\" srcset=\"https:\/\/archive.sana.sy\/tr\/wp-content\/uploads\/2015\/06\/Esad-3-300x200.jpg 300w, https:\/\/archive.sana.sy\/tr\/wp-content\/uploads\/2015\/06\/Esad-3-150x100.jpg 150w, https:\/\/archive.sana.sy\/tr\/wp-content\/uploads\/2015\/06\/Esad-3-1024x683.jpg 1024w\" sizes=\"auto, (max-width: 300px) 100vw, 300px\" \/><\/a>\n\t\t\t<\/div><\/figure><figure class='gallery-item'>\n\t\t\t<div class='gallery-icon landscape'>\n\t\t\t\t<a href='https:\/\/archive.sana.sy\/tr\/wp-content\/uploads\/2015\/06\/Esad-4.jpg'><img loading=\"lazy\" decoding=\"async\" width=\"300\" height=\"183\" src=\"https:\/\/archive.sana.sy\/tr\/wp-content\/uploads\/2015\/06\/Esad-4-300x183.jpg\" class=\"attachment-medium size-medium\" alt=\"\" srcset=\"https:\/\/archive.sana.sy\/tr\/wp-content\/uploads\/2015\/06\/Esad-4-300x183.jpg 300w, https:\/\/archive.sana.sy\/tr\/wp-content\/uploads\/2015\/06\/Esad-4-150x92.jpg 150w, https:\/\/archive.sana.sy\/tr\/wp-content\/uploads\/2015\/06\/Esad-4-1024x626.jpg 1024w\" sizes=\"auto, (max-width: 300px) 100vw, 300px\" \/><\/a>\n\t\t\t<\/div><\/figure><figure class='gallery-item'>\n\t\t\t<div class='gallery-icon landscape'>\n\t\t\t\t<a href='https:\/\/archive.sana.sy\/tr\/wp-content\/uploads\/2015\/06\/Esad-5.jpg'><img loading=\"lazy\" decoding=\"async\" width=\"300\" height=\"210\" src=\"https:\/\/archive.sana.sy\/tr\/wp-content\/uploads\/2015\/06\/Esad-5-300x210.jpg\" class=\"attachment-medium size-medium\" alt=\"\" srcset=\"https:\/\/archive.sana.sy\/tr\/wp-content\/uploads\/2015\/06\/Esad-5-300x210.jpg 300w, https:\/\/archive.sana.sy\/tr\/wp-content\/uploads\/2015\/06\/Esad-5-150x105.jpg 150w, https:\/\/archive.sana.sy\/tr\/wp-content\/uploads\/2015\/06\/Esad-5-1024x717.jpg 1024w\" sizes=\"auto, (max-width: 300px) 100vw, 300px\" \/><\/a>\n\t\t\t<\/div><\/figure><figure class='gallery-item'>\n\t\t\t<div class='gallery-icon landscape'>\n\t\t\t\t<a href='https:\/\/archive.sana.sy\/tr\/wp-content\/uploads\/2015\/06\/Esad-6.jpg'><img loading=\"lazy\" decoding=\"async\" width=\"300\" height=\"198\" src=\"https:\/\/archive.sana.sy\/tr\/wp-content\/uploads\/2015\/06\/Esad-6-300x198.jpg\" class=\"attachment-medium size-medium\" alt=\"\" srcset=\"https:\/\/archive.sana.sy\/tr\/wp-content\/uploads\/2015\/06\/Esad-6-300x198.jpg 300w, https:\/\/archive.sana.sy\/tr\/wp-content\/uploads\/2015\/06\/Esad-6-150x99.jpg 150w, https:\/\/archive.sana.sy\/tr\/wp-content\/uploads\/2015\/06\/Esad-6-1024x675.jpg 1024w\" sizes=\"auto, (max-width: 300px) 100vw, 300px\" \/><\/a>\n\t\t\t<\/div><\/figure><figure class='gallery-item'>\n\t\t\t<div class='gallery-icon landscape'>\n\t\t\t\t<a href='https:\/\/archive.sana.sy\/tr\/wp-content\/uploads\/2015\/06\/Esad-7.jpg'><img loading=\"lazy\" decoding=\"async\" width=\"300\" height=\"188\" src=\"https:\/\/archive.sana.sy\/tr\/wp-content\/uploads\/2015\/06\/Esad-7-300x188.jpg\" class=\"attachment-medium size-medium\" alt=\"\" srcset=\"https:\/\/archive.sana.sy\/tr\/wp-content\/uploads\/2015\/06\/Esad-7-300x188.jpg 300w, https:\/\/archive.sana.sy\/tr\/wp-content\/uploads\/2015\/06\/Esad-7-150x94.jpg 150w, https:\/\/archive.sana.sy\/tr\/wp-content\/uploads\/2015\/06\/Esad-7-1024x641.jpg 1024w\" sizes=\"auto, (max-width: 300px) 100vw, 300px\" \/><\/a>\n\t\t\t<\/div><\/figure><figure class='gallery-item'>\n\t\t\t<div class='gallery-icon landscape'>\n\t\t\t\t<a href='https:\/\/archive.sana.sy\/tr\/wp-content\/uploads\/2015\/06\/Esad-9.jpg'><img loading=\"lazy\" decoding=\"async\" width=\"300\" height=\"209\" src=\"https:\/\/archive.sana.sy\/tr\/wp-content\/uploads\/2015\/06\/Esad-9-300x209.jpg\" class=\"attachment-medium size-medium\" alt=\"\" srcset=\"https:\/\/archive.sana.sy\/tr\/wp-content\/uploads\/2015\/06\/Esad-9-300x209.jpg 300w, https:\/\/archive.sana.sy\/tr\/wp-content\/uploads\/2015\/06\/Esad-9-150x105.jpg 150w, https:\/\/archive.sana.sy\/tr\/wp-content\/uploads\/2015\/06\/Esad-9-1024x714.jpg 1024w\" sizes=\"auto, (max-width: 300px) 100vw, 300px\" \/><\/a>\n\t\t\t<\/div><\/figure>\n\t\t<\/div>\n\n<p>A.A. &#8211; M.M.<\/p>\n","protected":false},"excerpt":{"rendered":"<p>LAZK\u0130YE \u2013 Modern Suriye&#8217;nin kurucusu b\u00fcy\u00fck \u00f6nder \u00f6l\u00fcms\u00fcz lider Haf\u0131z el Esad\u2019\u0131n aram\u0131zdan ayr\u0131l\u0131\u015f\u0131n\u0131n 15. y\u0131ld\u00f6n\u00fcm\u00fc m\u00fcnasebetiyle Lazkiye\u2019deki Esad K\u00fclt\u00fcr evinde bug\u00fcn foto\u011fraf sergisi a\u00e7\u0131ld\u0131. Osmanl\u0131 ve Frans\u0131z i\u015fgali ve s\u00f6m\u00fcr\u00fcs\u00fcne kar\u015f\u0131 Suriyeli halk\u0131 ve sembol direni\u015f\u00e7ilerinin m\u00fccadelesine \u0131\u015f\u0131k tutulan foto\u011fraf sergisinde; Siyonist \u0130srail&#8217;e kar\u015f\u0131 Ekim kurtulu\u015f sava\u015f\u0131 ve g\u00fcn\u00fcm\u00fczde b\u00f6lgesel kimi devletlerle birlikte tekfirci &hellip;<\/p>\n","protected":false},"author":1,"featured_media":36455,"comment_status":"closed","ping_status":"closed","sticky":false,"template":"","format":"standard","meta":{"footnotes":""},"categories":[596,516,511],"tags":[15149],"class_list":["post-36449","post","type-post","status-publish","format-standard","has-post-thumbnail","","category-fotografli-raporlar","category-haberler-kultur-ve-sanat","category-kultur-ve-sanat","tag-buyuk-onderin-vefat-yildonumu-munasebetiyle-fotograf-sergisi"],"_links":{"self":[{"href":"https:\/\/archive.sana.sy\/tr\/index.php?rest_route=\/wp\/v2\/posts\/36449","targetHints":{"allow":["GET"]}}],"collection":[{"href":"https:\/\/archive.sana.sy\/tr\/index.php?rest_route=\/wp\/v2\/posts"}],"about":[{"href":"https:\/\/archive.sana.sy\/tr\/index.php?rest_route=\/wp\/v2\/types\/post"}],"author":[{"embeddable":true,"href":"https:\/\/archive.sana.sy\/tr\/index.php?rest_route=\/wp\/v2\/users\/1"}],"replies":[{"embeddable":true,"href":"https:\/\/archive.sana.sy\/tr\/index.php?rest_route=%2Fwp%2Fv2%2Fcomments&post=36449"}],"version-history":[{"count":0,"href":"https:\/\/archive.sana.sy\/tr\/index.php?rest_route=\/wp\/v2\/posts\/36449\/revisions"}],"wp:featuredmedia":[{"embeddable":true,"href":"https:\/\/archive.sana.sy\/tr\/index.php?rest_route=\/wp\/v2\/media\/36455"}],"wp:attachment":[{"href":"https:\/\/archive.sana.sy\/tr\/index.php?rest_route=%2Fwp%2Fv2%2Fmedia&parent=36449"}],"wp:term":[{"taxonomy":"category","embeddable":true,"href":"https:\/\/archive.sana.sy\/tr\/index.php?rest_route=%2Fwp%2Fv2%2Fcategories&post=36449"},{"taxonomy":"post_tag","embeddable":true,"href":"https:\/\/archive.sana.sy\/tr\/index.php?rest_route=%2Fwp%2Fv2%2Ftags&post=36449"}],"curies":[{"name":"wp","href":"https:\/\/api.w.org\/{rel}","templated":true}]}}