{"id":36469,"date":"2015-06-11T09:21:29","date_gmt":"2015-06-11T06:21:29","guid":{"rendered":"http:\/\/sana.sy\/tr\/?p=36469"},"modified":"2015-06-12T15:36:00","modified_gmt":"2015-06-12T12:36:00","slug":"terorist-orgutler-yine-katliama-imza-atti-30dan-fazla-kurban","status":"publish","type":"post","link":"https:\/\/archive.sana.sy\/tr\/?p=36469","title":{"rendered":"Ter\u00f6rist \u00d6rg\u00fctler Yine Katliama \u0130mza Att\u0131.. 30\u2019dan Fazla Kurban"},"content":{"rendered":"<p>\u0130DL\u0130B \u2013 Nusra Cephesi ve \u0130slami Ahraru\u015f\u015fam \u00f6rg\u00fct ter\u00f6ristleri d\u00fcn ak\u015fam \u0130dlib k\u0131rsal\u0131 Kalb Loza K\u00f6y\u00fc ahalisine y\u00f6nelik en az 30 ki\u015finin kurban gitti\u011fi korkun\u00e7 bir katliam i\u015flediler.<\/p>\n<p>K\u00f6yden yerel kaynaklar SANA muhabirine a\u00e7\u0131klamas\u0131nda, \u00c2l Suud ve Erdo\u011fan rejimine ba\u011fl\u0131 tekfiri \u00f6rg\u00fct ter\u00f6ristlerinin ahaliye sald\u0131rd\u0131klar\u0131n\u0131 ve aralar\u0131nda tek aileden 5 \u015fehidin bulundu\u011fu en az 30 ki\u015fiyi \u00f6ld\u00fcrd\u00fcklerini onlarca evi de sabote edip yakt\u0131klar\u0131n\u0131 ifade etti.<\/p>\n<p>Kaynak, katliam kurbanlar\u0131 i\u00e7inde 3 din adam\u0131 ve iki kad\u0131n bulundu\u011funa dikkat \u00e7ekerek, ter\u00f6ristlerin baz\u0131 kurbanlar\u0131 b\u0131\u00e7akla kesmeye ve cesetlerini tenkil etmede \u0131srar ettiklerine dikkat \u00e7ekerek, 5 ter\u00f6risti \u00f6ld\u00fcrmeyi ba\u015faran ahaliye herhangi bir yard\u0131m\u0131n giri\u015fini engellemek i\u00e7in ter\u00f6ristlerin T\u00fcrkiye s\u0131n\u0131rlar\u0131 yak\u0131nlar\u0131ndaki el Summak Da\u011f\u0131ndaki K\u00f6y\u00fcn giri\u015flerini kapatt\u0131klar\u0131na i\u015faret etti.<\/p>\n<p>Daha \u00f6nce de Nusra Cephesi ve Erdo\u011fan rejimine ba\u011fl\u0131 \u00f6rg\u00fctler \u0130dlib\u2019te ahali hakk\u0131nda bir \u00e7ok katliamlar i\u015flemi\u015f bu katliamlar\u0131n en \u00e7irkefi ise, \u00e7o\u011fu kad\u0131n ve \u00e7ocuklardan olu\u015fan 200 vatanda\u015f\u0131n kurban gitti\u011fi Cisru\u015f\u015fu\u011fur yak\u0131nlar\u0131ndaki \u0130\u015ftebrak K\u00f6y\u00fc ahalisine kar\u015f\u0131 yap\u0131lan\u0131 olmu\u015ftur.<\/p>\n<p>S.\u015e: &#8211; R.H.<\/p>\n","protected":false},"excerpt":{"rendered":"<p>\u0130DL\u0130B \u2013 Nusra Cephesi ve \u0130slami Ahraru\u015f\u015fam \u00f6rg\u00fct ter\u00f6ristleri d\u00fcn ak\u015fam \u0130dlib k\u0131rsal\u0131 Kalb Loza K\u00f6y\u00fc ahalisine y\u00f6nelik en az 30 ki\u015finin kurban gitti\u011fi korkun\u00e7 bir katliam i\u015flediler. K\u00f6yden yerel kaynaklar SANA muhabirine a\u00e7\u0131klamas\u0131nda, \u00c2l Suud ve Erdo\u011fan rejimine ba\u011fl\u0131 tekfiri \u00f6rg\u00fct ter\u00f6ristlerinin ahaliye sald\u0131rd\u0131klar\u0131n\u0131 ve aralar\u0131nda tek aileden 5 \u015fehidin bulundu\u011fu en az 30 &hellip;<\/p>\n","protected":false},"author":1,"featured_media":6003,"comment_status":"closed","ping_status":"closed","sticky":false,"template":"","format":"standard","meta":{"footnotes":""},"categories":[575],"tags":[],"class_list":["post-36469","post","type-post","status-publish","format-standard","has-post-thumbnail","","category-olaylar-ve-gercekler"],"_links":{"self":[{"href":"https:\/\/archive.sana.sy\/tr\/index.php?rest_route=\/wp\/v2\/posts\/36469","targetHints":{"allow":["GET"]}}],"collection":[{"href":"https:\/\/archive.sana.sy\/tr\/index.php?rest_route=\/wp\/v2\/posts"}],"about":[{"href":"https:\/\/archive.sana.sy\/tr\/index.php?rest_route=\/wp\/v2\/types\/post"}],"author":[{"embeddable":true,"href":"https:\/\/archive.sana.sy\/tr\/index.php?rest_route=\/wp\/v2\/users\/1"}],"replies":[{"embeddable":true,"href":"https:\/\/archive.sana.sy\/tr\/index.php?rest_route=%2Fwp%2Fv2%2Fcomments&post=36469"}],"version-history":[{"count":0,"href":"https:\/\/archive.sana.sy\/tr\/index.php?rest_route=\/wp\/v2\/posts\/36469\/revisions"}],"wp:featuredmedia":[{"embeddable":true,"href":"https:\/\/archive.sana.sy\/tr\/index.php?rest_route=\/wp\/v2\/media\/6003"}],"wp:attachment":[{"href":"https:\/\/archive.sana.sy\/tr\/index.php?rest_route=%2Fwp%2Fv2%2Fmedia&parent=36469"}],"wp:term":[{"taxonomy":"category","embeddable":true,"href":"https:\/\/archive.sana.sy\/tr\/index.php?rest_route=%2Fwp%2Fv2%2Fcategories&post=36469"},{"taxonomy":"post_tag","embeddable":true,"href":"https:\/\/archive.sana.sy\/tr\/index.php?rest_route=%2Fwp%2Fv2%2Ftags&post=36469"}],"curies":[{"name":"wp","href":"https:\/\/api.w.org\/{rel}","templated":true}]}}