{"id":36471,"date":"2015-06-11T09:26:33","date_gmt":"2015-06-11T06:26:33","guid":{"rendered":"http:\/\/sana.sy\/tr\/?p=36471"},"modified":"2015-06-11T09:26:33","modified_gmt":"2015-06-11T06:26:33","slug":"berazi-hukumetin-en-onemli-onceligi-butun-vatandaslarin-ihtiyaclarinin-karsilanmasidir","status":"publish","type":"post","link":"https:\/\/archive.sana.sy\/tr\/?p=36471","title":{"rendered":"Berazi: H\u00fck\u00fcmetin En \u00d6nemli \u00d6nceli\u011fi B\u00fct\u00fcn Vatanda\u015flar\u0131n \u0130htiya\u00e7lar\u0131n\u0131n Kar\u015f\u0131lanmas\u0131d\u0131r"},"content":{"rendered":"<p>HOMS \u2013 Homs Valisi Talal el Berazi, Uluslararas\u0131 Suriye&#8217;de G\u00f6\u00e7\u00a0 \u00d6rg\u00fct\u00fc Heyeti Ba\u015fkan\u0131 Mariya Roman ile bir araya gelerek\u00a0 ter\u00f6r olaylar\u0131 sonucu evlerinden ve topraklar\u0131ndan zorla g\u00f6\u00e7 ettirilen vatanda\u015flar\u0131n durumunu\u00a0 ve ter\u00f6r ma\u011fduru vatanda\u015flar\u0131n temel ihtiya\u00e7lar\u0131n\u0131 kar\u015f\u0131lamada i\u015fbirli\u011fi olanaklar\u0131n\u0131 inceledi.<\/p>\n<p>Berazi; Valili\u011fin BM temsilcileri ile birlikte haz\u0131rlam\u0131\u015f oldu\u011fu program\u0131n ter\u00f6r olaylar\u0131 sonucu evlerinden g\u00f6\u00e7 ettirildikten sonra \u00fclke i\u00e7indeki ge\u00e7ici konaklama merkezlerine ya da \u00fclke d\u0131\u015f\u0131ndaki m\u00fclteci kamplar\u0131na s\u0131\u011f\u0131nan vatanda\u015flar\u0131n ac\u0131lar\u0131n\u0131 hafifletmeye hizmet etti\u011fini ifade etti.<\/p>\n<p><a href=\"http:\/\/sana.sy\/tr\/wp-content\/uploads\/2015\/06\/homs-valisi-21.jpg\"><img loading=\"lazy\" decoding=\"async\" class=\" size-medium wp-image-36473 alignright\" src=\"http:\/\/sana.sy\/tr\/wp-content\/uploads\/2015\/06\/homs-valisi-21-300x215.jpg\" alt=\"homs valisi 2\" width=\"300\" height=\"215\" srcset=\"https:\/\/archive.sana.sy\/tr\/wp-content\/uploads\/2015\/06\/homs-valisi-21-300x215.jpg 300w, https:\/\/archive.sana.sy\/tr\/wp-content\/uploads\/2015\/06\/homs-valisi-21-150x107.jpg 150w, https:\/\/archive.sana.sy\/tr\/wp-content\/uploads\/2015\/06\/homs-valisi-21.jpg 500w\" sizes=\"auto, (max-width: 300px) 100vw, 300px\" \/><\/a>Vatanda\u015flar\u0131n T\u00fcrkiye ve \u00dcrd\u00fcn gibi civar \u00fclkelerden s\u0131zan ter\u00f6ristlerin \u00fclke i\u00e7inde yay\u0131lmas\u0131 sonucu evlerini ve topraklar\u0131n\u0131 terk etmek zorunda kald\u0131klar\u0131n\u0131 hat\u0131rlatan Berazi, uluslararas\u0131 \u00f6rg\u00fctlerin ve BM\u2019nin Suriye&#8217;ye ter\u00f6rist transferini ve bu ter\u00f6ristlerin finanse edilmelerinin \u00f6n\u00fcne ge\u00e7ilmesindeki rol\u00fcne dikkat \u00e7ekti.<\/p>\n<p>H\u00fck\u00fcmetin \u00f6zellikle de \u0130nsani Yard\u0131m Y\u00fcksek Komisyonunun ter\u00f6r ma\u011fduru vatanda\u015flar\u0131n temel ihtiya\u00e7lar\u0131n\u0131n kar\u015f\u0131lanmas\u0131na ili\u015fkin \u00e7al\u0131\u015fmalar\u0131na ili\u015fkin bir anlat\u0131m sunan Berazi, \u00fclke s\u0131n\u0131rlar\u0131 i\u00e7erisinde ya\u015fayan b\u00fct\u00fcn vatanda\u015flar\u0131n ihtiya\u00e7lar\u0131n\u0131n kar\u015f\u0131lanmas\u0131 h\u00fck\u00fcmetin en \u00f6nemli \u00f6nceli\u011fini te\u015fkil etti\u011fini vurgulad\u0131.<\/p>\n<p>Uluslararas\u0131 Suriye&#8217;de G\u00f6\u00e7 \u00d6rg\u00fct\u00fc Heyeti Ba\u015fkan\u0131 Roman ise g\u00f6r\u00fc\u015fmenin ard\u0131ndan Gazetecilere yapt\u0131\u011f\u0131 a\u00e7\u0131klamada Homs\u2019a d\u00fczenledi\u011fi ziyaretin amac\u0131n\u0131n insani yard\u0131m ekiplerinin \u00e7al\u0131\u015fmalar\u0131n\u0131 yak\u0131ndan g\u00f6zlemlemek ve Valilik ile i\u015fbirli\u011fi y\u00f6ntemlerini incelemek oldu\u011funu dile getirdi.<\/p>\n<p>F.B. &#8211; R.H.<\/p>\n","protected":false},"excerpt":{"rendered":"<p>HOMS \u2013 Homs Valisi Talal el Berazi, Uluslararas\u0131 Suriye&#8217;de G\u00f6\u00e7\u00a0 \u00d6rg\u00fct\u00fc Heyeti Ba\u015fkan\u0131 Mariya Roman ile bir araya gelerek\u00a0 ter\u00f6r olaylar\u0131 sonucu evlerinden ve topraklar\u0131ndan zorla g\u00f6\u00e7 ettirilen vatanda\u015flar\u0131n durumunu\u00a0 ve ter\u00f6r ma\u011fduru vatanda\u015flar\u0131n temel ihtiya\u00e7lar\u0131n\u0131 kar\u015f\u0131lamada i\u015fbirli\u011fi olanaklar\u0131n\u0131 inceledi. Berazi; Valili\u011fin BM temsilcileri ile birlikte haz\u0131rlam\u0131\u015f oldu\u011fu program\u0131n ter\u00f6r olaylar\u0131 sonucu evlerinden g\u00f6\u00e7 ettirildikten &hellip;<\/p>\n","protected":false},"author":1,"featured_media":36472,"comment_status":"closed","ping_status":"closed","sticky":false,"template":"","format":"standard","meta":{"footnotes":""},"categories":[479,478],"tags":[15150],"class_list":["post-36471","post","type-post","status-publish","format-standard","has-post-thumbnail","","category-haberler-yerel","category-yerel","tag-berazi-hukumetin-en-onemli-onceligi-butun-vatandaslarin-ihtiyaclarinin-karsilanmasidir-homs-homs-valisi-talal-el-berazi"],"_links":{"self":[{"href":"https:\/\/archive.sana.sy\/tr\/index.php?rest_route=\/wp\/v2\/posts\/36471","targetHints":{"allow":["GET"]}}],"collection":[{"href":"https:\/\/archive.sana.sy\/tr\/index.php?rest_route=\/wp\/v2\/posts"}],"about":[{"href":"https:\/\/archive.sana.sy\/tr\/index.php?rest_route=\/wp\/v2\/types\/post"}],"author":[{"embeddable":true,"href":"https:\/\/archive.sana.sy\/tr\/index.php?rest_route=\/wp\/v2\/users\/1"}],"replies":[{"embeddable":true,"href":"https:\/\/archive.sana.sy\/tr\/index.php?rest_route=%2Fwp%2Fv2%2Fcomments&post=36471"}],"version-history":[{"count":0,"href":"https:\/\/archive.sana.sy\/tr\/index.php?rest_route=\/wp\/v2\/posts\/36471\/revisions"}],"wp:featuredmedia":[{"embeddable":true,"href":"https:\/\/archive.sana.sy\/tr\/index.php?rest_route=\/wp\/v2\/media\/36472"}],"wp:attachment":[{"href":"https:\/\/archive.sana.sy\/tr\/index.php?rest_route=%2Fwp%2Fv2%2Fmedia&parent=36471"}],"wp:term":[{"taxonomy":"category","embeddable":true,"href":"https:\/\/archive.sana.sy\/tr\/index.php?rest_route=%2Fwp%2Fv2%2Fcategories&post=36471"},{"taxonomy":"post_tag","embeddable":true,"href":"https:\/\/archive.sana.sy\/tr\/index.php?rest_route=%2Fwp%2Fv2%2Ftags&post=36471"}],"curies":[{"name":"wp","href":"https:\/\/api.w.org\/{rel}","templated":true}]}}