{"id":36481,"date":"2015-06-11T09:53:38","date_gmt":"2015-06-11T06:53:38","guid":{"rendered":"http:\/\/sana.sy\/tr\/?p=36481"},"modified":"2015-06-11T09:53:38","modified_gmt":"2015-06-11T06:53:38","slug":"haydar-butun-suriyelilerin-tek-kurtulus-yolu-ulusal-uzlasma-calismalaridir","status":"publish","type":"post","link":"https:\/\/archive.sana.sy\/tr\/?p=36481","title":{"rendered":"Haydar: B\u00fct\u00fcn Suriyelilerin Tek Kurtulu\u015f Yolu Ulusal Uzla\u015fma \u00c7al\u0131\u015fmalar\u0131d\u0131r"},"content":{"rendered":"<p>\u015eAM \u2013 Halk Meclisinde Ulusal Uzla\u015fma Komisyonu \u00fcyeleri d\u00fcn Ulusal Uzla\u015fmadan Sorumlu Devlet Bakan\u0131 Ali Haydar ile bir araya gelerek kay\u0131p vatanda\u015flar ve silahl\u0131 ter\u00f6r gruplar\u0131 taraf\u0131ndan ka\u00e7\u0131r\u0131lan vatanda\u015flarla ilgili dosyalar\u0131 incelediler.<\/p>\n<p>Ulusal uzla\u015fma \u00e7al\u0131\u015fmalar\u0131n\u0131 peki\u015ftirmek ve b\u00fct\u00fcn vatan b\u00f6lgelerine yayg\u0131nla\u015ft\u0131rmak i\u00e7in bakanl\u0131k ile komisyon aras\u0131ndaki i\u015fbirli\u011fini geli\u015ftirme olanaklar\u0131n\u0131n tart\u0131\u015f\u0131ld\u0131\u011f\u0131 toplant\u0131da ulusal uzla\u015fma \u00e7al\u0131\u015fmalar\u0131n\u0131n yo\u011funla\u015ft\u0131r\u0131lmas\u0131 ve koordinasyonunun s\u0131k\u0131la\u015ft\u0131r\u0131lmas\u0131 \u00e7a\u011fr\u0131s\u0131nda bulunuldu.<\/p>\n<p>Toplant\u0131da uzla\u015fma komisyonu \u00fcyelerinden gelen sorulara cevaben a\u00e7\u0131klamalarda bulunan Haydar, ulusal uzla\u015fma \u00e7al\u0131\u015fmalar\u0131nda halk\u0131n sergiledi\u011fi \u00e7abalar\u0131 do\u011fru bir \u015fekilde de\u011ferlendirilmesinin \u00f6nemine dikkat \u00e7ekerek ulusal uzla\u015fma \u00e7al\u0131\u015fmas\u0131 y\u00fcr\u00fctmek amac\u0131yla olu\u015fturulmu\u015f ve bakanl\u0131\u011fa ba\u011fl\u0131 olmayan bir\u00e7ok giri\u015fim bulundu\u011funu belirtti.<\/p>\n<p>Komisyon \u00fcyelerine, Ulusal Uzla\u015fmadan Sorumlu Devlet Bakanl\u0131\u011f\u0131n\u0131 ziyaret ederek oradaki \u00e7al\u0131\u015fmalar\u0131n yan\u0131 s\u0131ra Adalet, Savunma ve \u0130\u00e7i\u015fleri Bakanl\u0131\u011f\u0131na ula\u015ft\u0131r\u0131lan \u015fikayetleri inceleme \u00e7a\u011fr\u0131s\u0131nda bulunan Haydar, Ulusal Uzla\u015fma \u00c7al\u0131\u015fma faaliyetlerinden sorumlu tek resmi merciinin Ulusal Uzla\u015fmadan Sorumlu Devlet Bakanl\u0131\u011f\u0131 oldu\u011funu ibraz etti.<\/p>\n<p>Ayr\u0131ca toplant\u0131n\u0131n ard\u0131ndan gazetecilere bir a\u00e7\u0131klama yapan Haydar, ulusal uzla\u015fma projesinin, b\u00fct\u00fcn Suriyeliler i\u00e7in tek kurtulu\u015f yolu oldu\u011funu ifade ederek kahraman ordu birliklerimizin ter\u00f6re kar\u015f\u0131 askeri ba\u015far\u0131lar\u0131na paralel olarak ilerleyen uzla\u015fma \u00e7al\u0131\u015fmalar\u0131n\u0131n vatanda\u015flar i\u00e7in bir g\u00fcven oda\u011f\u0131 olu\u015fturdu\u011funu belirtti.<\/p>\n<p>F.B. &#8211; R.H.<\/p>\n","protected":false},"excerpt":{"rendered":"<p>\u015eAM \u2013 Halk Meclisinde Ulusal Uzla\u015fma Komisyonu \u00fcyeleri d\u00fcn Ulusal Uzla\u015fmadan Sorumlu Devlet Bakan\u0131 Ali Haydar ile bir araya gelerek kay\u0131p vatanda\u015flar ve silahl\u0131 ter\u00f6r gruplar\u0131 taraf\u0131ndan ka\u00e7\u0131r\u0131lan vatanda\u015flarla ilgili dosyalar\u0131 incelediler. Ulusal uzla\u015fma \u00e7al\u0131\u015fmalar\u0131n\u0131 peki\u015ftirmek ve b\u00fct\u00fcn vatan b\u00f6lgelerine yayg\u0131nla\u015ft\u0131rmak i\u00e7in bakanl\u0131k ile komisyon aras\u0131ndaki i\u015fbirli\u011fini geli\u015ftirme olanaklar\u0131n\u0131n tart\u0131\u015f\u0131ld\u0131\u011f\u0131 toplant\u0131da ulusal uzla\u015fma \u00e7al\u0131\u015fmalar\u0131n\u0131n yo\u011funla\u015ft\u0131r\u0131lmas\u0131 &hellip;<\/p>\n","protected":false},"author":1,"featured_media":36482,"comment_status":"closed","ping_status":"closed","sticky":false,"template":"","format":"standard","meta":{"footnotes":""},"categories":[479,478],"tags":[],"class_list":["post-36481","post","type-post","status-publish","format-standard","has-post-thumbnail","","category-haberler-yerel","category-yerel"],"_links":{"self":[{"href":"https:\/\/archive.sana.sy\/tr\/index.php?rest_route=\/wp\/v2\/posts\/36481","targetHints":{"allow":["GET"]}}],"collection":[{"href":"https:\/\/archive.sana.sy\/tr\/index.php?rest_route=\/wp\/v2\/posts"}],"about":[{"href":"https:\/\/archive.sana.sy\/tr\/index.php?rest_route=\/wp\/v2\/types\/post"}],"author":[{"embeddable":true,"href":"https:\/\/archive.sana.sy\/tr\/index.php?rest_route=\/wp\/v2\/users\/1"}],"replies":[{"embeddable":true,"href":"https:\/\/archive.sana.sy\/tr\/index.php?rest_route=%2Fwp%2Fv2%2Fcomments&post=36481"}],"version-history":[{"count":0,"href":"https:\/\/archive.sana.sy\/tr\/index.php?rest_route=\/wp\/v2\/posts\/36481\/revisions"}],"wp:featuredmedia":[{"embeddable":true,"href":"https:\/\/archive.sana.sy\/tr\/index.php?rest_route=\/wp\/v2\/media\/36482"}],"wp:attachment":[{"href":"https:\/\/archive.sana.sy\/tr\/index.php?rest_route=%2Fwp%2Fv2%2Fmedia&parent=36481"}],"wp:term":[{"taxonomy":"category","embeddable":true,"href":"https:\/\/archive.sana.sy\/tr\/index.php?rest_route=%2Fwp%2Fv2%2Fcategories&post=36481"},{"taxonomy":"post_tag","embeddable":true,"href":"https:\/\/archive.sana.sy\/tr\/index.php?rest_route=%2Fwp%2Fv2%2Ftags&post=36481"}],"curies":[{"name":"wp","href":"https:\/\/api.w.org\/{rel}","templated":true}]}}