{"id":36496,"date":"2015-06-11T11:09:40","date_gmt":"2015-06-11T08:09:40","guid":{"rendered":"http:\/\/sana.sy\/tr\/?p=36496"},"modified":"2015-06-11T11:09:40","modified_gmt":"2015-06-11T08:09:40","slug":"askeri-kaynak-suriye-arap-ordusu-hava-silahinin-homs-kirsali-cezl-beyarat-tedmur-cevresi-cebab-hamad-bati-herba-el-nasrani-dagi-ve-suvvanada-isid-teror-orgutune-ait-onlarca-araci-imha-ett","status":"publish","type":"post","link":"https:\/\/archive.sana.sy\/tr\/?p=36496","title":{"rendered":"Askeri kaynak, Suriye Arap ordusu hava silah\u0131n\u0131n Homs k\u0131rsal\u0131 Cezl Beyarat Tedmur \u00e7evresi, Cebab Hamad, Bat\u0131 herba, el Nasrani Da\u011f\u0131 ve Suvvana\u2019da I\u015e\u0130D ter\u00f6r \u00f6rg\u00fct\u00fcne ait onlarca arac\u0131 imha etti\u011fini ve \u00e7ok say\u0131da ter\u00f6risti \u00f6l\u00fc d\u00fc\u015f\u00fcrd\u00fc\u011f\u00fcn\u00fc belirtti."},"content":{"rendered":"<p>Askeri kaynak, Suriye Arap ordusu hava silah\u0131n\u0131n Homs k\u0131rsal\u0131 Cezl Beyarat Tedmur \u00e7evresi, Cebab Hamad, Bat\u0131 herba, el Nasrani Da\u011f\u0131 ve Suvvana\u2019da I\u015e\u0130D ter\u00f6r \u00f6rg\u00fct\u00fcne ait onlarca arac\u0131 imha etti\u011fini ve \u00e7ok say\u0131da ter\u00f6risti \u00f6l\u00fc d\u00fc\u015f\u00fcrd\u00fc\u011f\u00fcn\u00fc belirtti.<\/p>\n","protected":false},"excerpt":{"rendered":"<p>Askeri kaynak, Suriye Arap ordusu hava silah\u0131n\u0131n Homs k\u0131rsal\u0131 Cezl Beyarat Tedmur \u00e7evresi, Cebab Hamad, Bat\u0131 herba, el Nasrani Da\u011f\u0131 ve Suvvana\u2019da I\u015e\u0130D ter\u00f6r \u00f6rg\u00fct\u00fcne ait onlarca arac\u0131 imha etti\u011fini ve \u00e7ok say\u0131da ter\u00f6risti \u00f6l\u00fc d\u00fc\u015f\u00fcrd\u00fc\u011f\u00fcn\u00fc belirtti.<\/p>\n","protected":false},"author":1,"featured_media":0,"comment_status":"closed","ping_status":"closed","sticky":false,"template":"","format":"standard","meta":{"footnotes":""},"categories":[1],"tags":[],"class_list":["post-36496","post","type-post","status-publish","format-standard","","category-news-not-sorted"],"_links":{"self":[{"href":"https:\/\/archive.sana.sy\/tr\/index.php?rest_route=\/wp\/v2\/posts\/36496","targetHints":{"allow":["GET"]}}],"collection":[{"href":"https:\/\/archive.sana.sy\/tr\/index.php?rest_route=\/wp\/v2\/posts"}],"about":[{"href":"https:\/\/archive.sana.sy\/tr\/index.php?rest_route=\/wp\/v2\/types\/post"}],"author":[{"embeddable":true,"href":"https:\/\/archive.sana.sy\/tr\/index.php?rest_route=\/wp\/v2\/users\/1"}],"replies":[{"embeddable":true,"href":"https:\/\/archive.sana.sy\/tr\/index.php?rest_route=%2Fwp%2Fv2%2Fcomments&post=36496"}],"version-history":[{"count":0,"href":"https:\/\/archive.sana.sy\/tr\/index.php?rest_route=\/wp\/v2\/posts\/36496\/revisions"}],"wp:attachment":[{"href":"https:\/\/archive.sana.sy\/tr\/index.php?rest_route=%2Fwp%2Fv2%2Fmedia&parent=36496"}],"wp:term":[{"taxonomy":"category","embeddable":true,"href":"https:\/\/archive.sana.sy\/tr\/index.php?rest_route=%2Fwp%2Fv2%2Fcategories&post=36496"},{"taxonomy":"post_tag","embeddable":true,"href":"https:\/\/archive.sana.sy\/tr\/index.php?rest_route=%2Fwp%2Fv2%2Ftags&post=36496"}],"curies":[{"name":"wp","href":"https:\/\/api.w.org\/{rel}","templated":true}]}}