{"id":36498,"date":"2015-06-11T11:13:05","date_gmt":"2015-06-11T08:13:05","guid":{"rendered":"http:\/\/sana.sy\/tr\/?p=36498"},"modified":"2015-06-11T11:15:33","modified_gmt":"2015-06-11T08:15:33","slug":"askeri-kaynak-sanaya-aciklamasinda-ordu-birliklerimizin-lazkiye-kuzey-kirsali-arafit-tertiyah-kensabba-el-eido-sovda-ve-sakiyet-el-kert-bolgelerinde-nusra-cephesinden-teroristleri-oldurd","status":"publish","type":"post","link":"https:\/\/archive.sana.sy\/tr\/?p=36498","title":{"rendered":"Askeri kaynak SANA\u2019ya a\u00e7\u0131klamas\u0131nda, ordu birliklerimizin Lazkiye kuzey k\u0131rsal\u0131 Arafit, Tertiyah, Kensabba, el Eido, Sovda ve Sakiyet el Kert b\u00f6lgelerinde Nusra Cephesinden ter\u00f6ristleri \u00f6ld\u00fcrd\u00fcklerini ve kendilerine ait silah depolar\u0131n\u0131 imha ettiklerini s\u00f6yledi."},"content":{"rendered":"<p>Askeri kaynak SANA\u2019ya a\u00e7\u0131klamas\u0131nda, ordu birliklerimizin Lazkiye kuzey k\u0131rsal\u0131 Arafit, Tertiyah, Kensabba, el Eido, Sovda ve Sakiyet el Kert b\u00f6lgelerinde Nusra Cephesinden ter\u00f6ristleri \u00f6ld\u00fcrd\u00fcklerini ve kendilerine ait silah depolar\u0131n\u0131 imha ettiklerini s\u00f6yledi.<\/p>\n","protected":false},"excerpt":{"rendered":"<p>Askeri kaynak SANA\u2019ya a\u00e7\u0131klamas\u0131nda, ordu birliklerimizin Lazkiye kuzey k\u0131rsal\u0131 Arafit, Tertiyah, Kensabba, el Eido, Sovda ve Sakiyet el Kert b\u00f6lgelerinde Nusra Cephesinden ter\u00f6ristleri \u00f6ld\u00fcrd\u00fcklerini ve kendilerine ait silah depolar\u0131n\u0131 imha ettiklerini s\u00f6yledi.<\/p>\n","protected":false},"author":1,"featured_media":0,"comment_status":"closed","ping_status":"closed","sticky":false,"template":"","format":"standard","meta":{"footnotes":""},"categories":[1],"tags":[],"class_list":["post-36498","post","type-post","status-publish","format-standard","","category-news-not-sorted"],"_links":{"self":[{"href":"https:\/\/archive.sana.sy\/tr\/index.php?rest_route=\/wp\/v2\/posts\/36498","targetHints":{"allow":["GET"]}}],"collection":[{"href":"https:\/\/archive.sana.sy\/tr\/index.php?rest_route=\/wp\/v2\/posts"}],"about":[{"href":"https:\/\/archive.sana.sy\/tr\/index.php?rest_route=\/wp\/v2\/types\/post"}],"author":[{"embeddable":true,"href":"https:\/\/archive.sana.sy\/tr\/index.php?rest_route=\/wp\/v2\/users\/1"}],"replies":[{"embeddable":true,"href":"https:\/\/archive.sana.sy\/tr\/index.php?rest_route=%2Fwp%2Fv2%2Fcomments&post=36498"}],"version-history":[{"count":0,"href":"https:\/\/archive.sana.sy\/tr\/index.php?rest_route=\/wp\/v2\/posts\/36498\/revisions"}],"wp:attachment":[{"href":"https:\/\/archive.sana.sy\/tr\/index.php?rest_route=%2Fwp%2Fv2%2Fmedia&parent=36498"}],"wp:term":[{"taxonomy":"category","embeddable":true,"href":"https:\/\/archive.sana.sy\/tr\/index.php?rest_route=%2Fwp%2Fv2%2Fcategories&post=36498"},{"taxonomy":"post_tag","embeddable":true,"href":"https:\/\/archive.sana.sy\/tr\/index.php?rest_route=%2Fwp%2Fv2%2Ftags&post=36498"}],"curies":[{"name":"wp","href":"https:\/\/api.w.org\/{rel}","templated":true}]}}