{"id":36530,"date":"2015-06-11T13:38:04","date_gmt":"2015-06-11T10:38:04","guid":{"rendered":"http:\/\/sana.sy\/tr\/?p=36530"},"modified":"2015-06-11T18:47:49","modified_gmt":"2015-06-11T15:47:49","slug":"teroristler-roketli-fuzelerle-sivilleri-hedef-aldi-2-yarali","status":"publish","type":"post","link":"https:\/\/archive.sana.sy\/tr\/?p=36530","title":{"rendered":"Ter\u00f6ristler Roketli F\u00fczelerle Sivilleri Hedef Ald\u0131.. 1 \u015eehit, 2 Yaral\u0131"},"content":{"rendered":"<p>S\u00dcVEYDA \u2013 Ter\u00f6ristlerin bu sabah S\u00fcveyda Kentinde sivil yerle\u015fim alanlar\u0131n\u0131 3 f\u00fczeyle hedef almalar\u0131 sonucunda bir vatanda\u015f \u015fehit, 2 vatanda\u015f da yaral\u0131 d\u00fc\u015ft\u00fc.<\/p>\n<p>S\u00fcveyda Valili\u011finde bir kaynak SANA muhabirine a\u00e7\u0131klamas\u0131nda f\u00fczelerin kentin kuzeyindeki sivil semtlere d\u00fc\u015fmesi sonucunda bir sivilin \u015fehit d\u00fc\u015ft\u00fc\u011f\u00fcn\u00fc; biri 14 ya\u015flar\u0131nda gen\u00e7 k\u0131z iki vatanda\u015f\u0131n da yaraland\u0131klar\u0131n\u0131 ifade etti.<\/p>\n<p>Kaynak, ter\u00f6r sald\u0131r\u0131lar\u0131nda ev, i\u015fyerleri ve park halindeki ara\u00e7larda maddi hasarlar\u0131n olu\u015ftu\u011funu s\u00f6yledi.<\/p>\n<div id='gallery-1' class='gallery galleryid-36530 gallery-columns-2 gallery-size-medium'><figure class='gallery-item'>\n\t\t\t<div class='gallery-icon landscape'>\n\t\t\t\t<a href='https:\/\/archive.sana.sy\/tr\/wp-content\/uploads\/2015\/06\/S\u00fcveyda-1.jpg'><img loading=\"lazy\" decoding=\"async\" width=\"300\" height=\"206\" src=\"https:\/\/archive.sana.sy\/tr\/wp-content\/uploads\/2015\/06\/S\u00fcveyda-1-300x206.jpg\" class=\"attachment-medium size-medium\" alt=\"\" srcset=\"https:\/\/archive.sana.sy\/tr\/wp-content\/uploads\/2015\/06\/S\u00fcveyda-1-300x206.jpg 300w, https:\/\/archive.sana.sy\/tr\/wp-content\/uploads\/2015\/06\/S\u00fcveyda-1-150x103.jpg 150w, https:\/\/archive.sana.sy\/tr\/wp-content\/uploads\/2015\/06\/S\u00fcveyda-1-1024x702.jpg 1024w\" sizes=\"auto, (max-width: 300px) 100vw, 300px\" \/><\/a>\n\t\t\t<\/div><\/figure><figure class='gallery-item'>\n\t\t\t<div class='gallery-icon landscape'>\n\t\t\t\t<a href='https:\/\/archive.sana.sy\/tr\/wp-content\/uploads\/2015\/06\/S\u00fcveyda-3.jpg'><img loading=\"lazy\" decoding=\"async\" width=\"300\" height=\"187\" src=\"https:\/\/archive.sana.sy\/tr\/wp-content\/uploads\/2015\/06\/S\u00fcveyda-3-300x187.jpg\" class=\"attachment-medium size-medium\" alt=\"\" srcset=\"https:\/\/archive.sana.sy\/tr\/wp-content\/uploads\/2015\/06\/S\u00fcveyda-3-300x187.jpg 300w, https:\/\/archive.sana.sy\/tr\/wp-content\/uploads\/2015\/06\/S\u00fcveyda-3-150x93.jpg 150w, https:\/\/archive.sana.sy\/tr\/wp-content\/uploads\/2015\/06\/S\u00fcveyda-3-1024x638.jpg 1024w\" sizes=\"auto, (max-width: 300px) 100vw, 300px\" \/><\/a>\n\t\t\t<\/div><\/figure><figure class='gallery-item'>\n\t\t\t<div class='gallery-icon landscape'>\n\t\t\t\t<a href='https:\/\/archive.sana.sy\/tr\/wp-content\/uploads\/2015\/06\/S\u00fcveyda-41.jpg'><img loading=\"lazy\" decoding=\"async\" width=\"300\" height=\"160\" src=\"https:\/\/archive.sana.sy\/tr\/wp-content\/uploads\/2015\/06\/S\u00fcveyda-41-300x160.jpg\" class=\"attachment-medium size-medium\" alt=\"\" srcset=\"https:\/\/archive.sana.sy\/tr\/wp-content\/uploads\/2015\/06\/S\u00fcveyda-41-300x160.jpg 300w, https:\/\/archive.sana.sy\/tr\/wp-content\/uploads\/2015\/06\/S\u00fcveyda-41-150x80.jpg 150w, https:\/\/archive.sana.sy\/tr\/wp-content\/uploads\/2015\/06\/S\u00fcveyda-41.jpg 620w\" sizes=\"auto, (max-width: 300px) 100vw, 300px\" \/><\/a>\n\t\t\t<\/div><\/figure><figure class='gallery-item'>\n\t\t\t<div class='gallery-icon landscape'>\n\t\t\t\t<a href='https:\/\/archive.sana.sy\/tr\/wp-content\/uploads\/2015\/06\/S\u00fcveyda-5.jpg'><img loading=\"lazy\" decoding=\"async\" width=\"300\" height=\"194\" src=\"https:\/\/archive.sana.sy\/tr\/wp-content\/uploads\/2015\/06\/S\u00fcveyda-5-300x194.jpg\" class=\"attachment-medium size-medium\" alt=\"\" srcset=\"https:\/\/archive.sana.sy\/tr\/wp-content\/uploads\/2015\/06\/S\u00fcveyda-5-300x194.jpg 300w, https:\/\/archive.sana.sy\/tr\/wp-content\/uploads\/2015\/06\/S\u00fcveyda-5-150x97.jpg 150w, https:\/\/archive.sana.sy\/tr\/wp-content\/uploads\/2015\/06\/S\u00fcveyda-5-1024x664.jpg 1024w\" sizes=\"auto, (max-width: 300px) 100vw, 300px\" \/><\/a>\n\t\t\t<\/div><\/figure><figure class='gallery-item'>\n\t\t\t<div class='gallery-icon landscape'>\n\t\t\t\t<a href='https:\/\/archive.sana.sy\/tr\/wp-content\/uploads\/2015\/06\/Havan-sald\u0131r\u0131-S\u00fcveyda.jpg'><img loading=\"lazy\" decoding=\"async\" width=\"300\" height=\"199\" src=\"https:\/\/archive.sana.sy\/tr\/wp-content\/uploads\/2015\/06\/Havan-sald\u0131r\u0131-S\u00fcveyda-300x199.jpg\" class=\"attachment-medium size-medium\" alt=\"\" srcset=\"https:\/\/archive.sana.sy\/tr\/wp-content\/uploads\/2015\/06\/Havan-sald\u0131r\u0131-S\u00fcveyda-300x199.jpg 300w, https:\/\/archive.sana.sy\/tr\/wp-content\/uploads\/2015\/06\/Havan-sald\u0131r\u0131-S\u00fcveyda-150x99.jpg 150w, https:\/\/archive.sana.sy\/tr\/wp-content\/uploads\/2015\/06\/Havan-sald\u0131r\u0131-S\u00fcveyda-1024x679.jpg 1024w\" sizes=\"auto, (max-width: 300px) 100vw, 300px\" \/><\/a>\n\t\t\t<\/div><\/figure><figure class='gallery-item'>\n\t\t\t<div class='gallery-icon landscape'>\n\t\t\t\t<a href='https:\/\/archive.sana.sy\/tr\/wp-content\/uploads\/2015\/06\/Havan-sald\u0131r\u0131-S\u00fcveyda-1.jpg'><img loading=\"lazy\" decoding=\"async\" width=\"300\" height=\"199\" src=\"https:\/\/archive.sana.sy\/tr\/wp-content\/uploads\/2015\/06\/Havan-sald\u0131r\u0131-S\u00fcveyda-1-300x199.jpg\" class=\"attachment-medium size-medium\" alt=\"\" srcset=\"https:\/\/archive.sana.sy\/tr\/wp-content\/uploads\/2015\/06\/Havan-sald\u0131r\u0131-S\u00fcveyda-1-300x199.jpg 300w, https:\/\/archive.sana.sy\/tr\/wp-content\/uploads\/2015\/06\/Havan-sald\u0131r\u0131-S\u00fcveyda-1-150x99.jpg 150w, https:\/\/archive.sana.sy\/tr\/wp-content\/uploads\/2015\/06\/Havan-sald\u0131r\u0131-S\u00fcveyda-1-1024x679.jpg 1024w\" sizes=\"auto, (max-width: 300px) 100vw, 300px\" \/><\/a>\n\t\t\t<\/div><\/figure><figure class='gallery-item'>\n\t\t\t<div class='gallery-icon landscape'>\n\t\t\t\t<a href='https:\/\/archive.sana.sy\/tr\/wp-content\/uploads\/2015\/06\/Havan-sald\u0131r\u0131-S\u00fcveyda-2.jpg'><img loading=\"lazy\" decoding=\"async\" width=\"300\" height=\"199\" src=\"https:\/\/archive.sana.sy\/tr\/wp-content\/uploads\/2015\/06\/Havan-sald\u0131r\u0131-S\u00fcveyda-2-300x199.jpg\" class=\"attachment-medium size-medium\" alt=\"\" srcset=\"https:\/\/archive.sana.sy\/tr\/wp-content\/uploads\/2015\/06\/Havan-sald\u0131r\u0131-S\u00fcveyda-2-300x199.jpg 300w, https:\/\/archive.sana.sy\/tr\/wp-content\/uploads\/2015\/06\/Havan-sald\u0131r\u0131-S\u00fcveyda-2-150x99.jpg 150w, https:\/\/archive.sana.sy\/tr\/wp-content\/uploads\/2015\/06\/Havan-sald\u0131r\u0131-S\u00fcveyda-2-1024x678.jpg 1024w\" sizes=\"auto, (max-width: 300px) 100vw, 300px\" \/><\/a>\n\t\t\t<\/div><\/figure><figure class='gallery-item'>\n\t\t\t<div class='gallery-icon landscape'>\n\t\t\t\t<a href='https:\/\/archive.sana.sy\/tr\/wp-content\/uploads\/2015\/06\/Havan-sald\u0131r\u0131-S\u00fcveyda-3.jpg'><img loading=\"lazy\" decoding=\"async\" width=\"300\" height=\"199\" src=\"https:\/\/archive.sana.sy\/tr\/wp-content\/uploads\/2015\/06\/Havan-sald\u0131r\u0131-S\u00fcveyda-3-300x199.jpg\" class=\"attachment-medium size-medium\" alt=\"\" srcset=\"https:\/\/archive.sana.sy\/tr\/wp-content\/uploads\/2015\/06\/Havan-sald\u0131r\u0131-S\u00fcveyda-3-300x199.jpg 300w, https:\/\/archive.sana.sy\/tr\/wp-content\/uploads\/2015\/06\/Havan-sald\u0131r\u0131-S\u00fcveyda-3-150x99.jpg 150w, https:\/\/archive.sana.sy\/tr\/wp-content\/uploads\/2015\/06\/Havan-sald\u0131r\u0131-S\u00fcveyda-3-1024x679.jpg 1024w\" sizes=\"auto, (max-width: 300px) 100vw, 300px\" \/><\/a>\n\t\t\t<\/div><\/figure>\n\t\t<\/div>\n\n<p>S.\u015e. &#8211; M.M. &#8211; R.H.<\/p>\n","protected":false},"excerpt":{"rendered":"<p>S\u00dcVEYDA \u2013 Ter\u00f6ristlerin bu sabah S\u00fcveyda Kentinde sivil yerle\u015fim alanlar\u0131n\u0131 3 f\u00fczeyle hedef almalar\u0131 sonucunda bir vatanda\u015f \u015fehit, 2 vatanda\u015f da yaral\u0131 d\u00fc\u015ft\u00fc. S\u00fcveyda Valili\u011finde bir kaynak SANA muhabirine a\u00e7\u0131klamas\u0131nda f\u00fczelerin kentin kuzeyindeki sivil semtlere d\u00fc\u015fmesi sonucunda bir sivilin \u015fehit d\u00fc\u015ft\u00fc\u011f\u00fcn\u00fc; biri 14 ya\u015flar\u0131nda gen\u00e7 k\u0131z iki vatanda\u015f\u0131n da yaraland\u0131klar\u0131n\u0131 ifade etti. Kaynak, ter\u00f6r sald\u0131r\u0131lar\u0131nda &hellip;<\/p>\n","protected":false},"author":1,"featured_media":36535,"comment_status":"closed","ping_status":"closed","sticky":false,"template":"","format":"standard","meta":{"footnotes":""},"categories":[596,479,575,478],"tags":[15174,15173],"class_list":["post-36530","post","type-post","status-publish","format-standard","has-post-thumbnail","","category-fotografli-raporlar","category-haberler-yerel","category-olaylar-ve-gercekler","category-yerel","tag-2-yarali","tag-teroristler-roketli-fuzelerle-sivilleri-hedef-aldi-1-sehit"],"_links":{"self":[{"href":"https:\/\/archive.sana.sy\/tr\/index.php?rest_route=\/wp\/v2\/posts\/36530","targetHints":{"allow":["GET"]}}],"collection":[{"href":"https:\/\/archive.sana.sy\/tr\/index.php?rest_route=\/wp\/v2\/posts"}],"about":[{"href":"https:\/\/archive.sana.sy\/tr\/index.php?rest_route=\/wp\/v2\/types\/post"}],"author":[{"embeddable":true,"href":"https:\/\/archive.sana.sy\/tr\/index.php?rest_route=\/wp\/v2\/users\/1"}],"replies":[{"embeddable":true,"href":"https:\/\/archive.sana.sy\/tr\/index.php?rest_route=%2Fwp%2Fv2%2Fcomments&post=36530"}],"version-history":[{"count":0,"href":"https:\/\/archive.sana.sy\/tr\/index.php?rest_route=\/wp\/v2\/posts\/36530\/revisions"}],"wp:featuredmedia":[{"embeddable":true,"href":"https:\/\/archive.sana.sy\/tr\/index.php?rest_route=\/wp\/v2\/media\/36535"}],"wp:attachment":[{"href":"https:\/\/archive.sana.sy\/tr\/index.php?rest_route=%2Fwp%2Fv2%2Fmedia&parent=36530"}],"wp:term":[{"taxonomy":"category","embeddable":true,"href":"https:\/\/archive.sana.sy\/tr\/index.php?rest_route=%2Fwp%2Fv2%2Fcategories&post=36530"},{"taxonomy":"post_tag","embeddable":true,"href":"https:\/\/archive.sana.sy\/tr\/index.php?rest_route=%2Fwp%2Fv2%2Ftags&post=36530"}],"curies":[{"name":"wp","href":"https:\/\/api.w.org\/{rel}","templated":true}]}}