{"id":36566,"date":"2015-06-11T16:45:03","date_gmt":"2015-06-11T13:45:03","guid":{"rendered":"http:\/\/sana.sy\/tr\/?p=36566"},"modified":"2015-06-11T16:49:21","modified_gmt":"2015-06-11T13:49:21","slug":"kabine-katliamin-sorumlulugunu-turkiye-dahil-destekci-devletlere-yukledi","status":"publish","type":"post","link":"https:\/\/archive.sana.sy\/tr\/?p=36566","title":{"rendered":"Kabine Katliam\u0131n Sorumlulu\u011funu T\u00fcrkiye Dahil Destek\u00e7i Devletlere Y\u00fckledi"},"content":{"rendered":"<p>\u015eAM \u2013 Bakanlar Konseyi bug\u00fcn; \u0130dlib k\u0131rsal\u0131nda T\u00fcrkiye&#8217;deki rejimin destekledi\u011fi ba\u015fta Kaide \u00d6rg\u00fct\u00fcn\u00fcn Suriye kolu Nusra Cephesi olmak \u00fczere tekfirci ve hain ter\u00f6ristlerin Kalb el Lavza K\u00f6y\u00fcnde i\u015fledikleri ve onlarca kad\u0131n ve \u00e7ocu\u011fun kurban gitti\u011fi deh\u015fet verici katliam\u0131 \u015fiddetle k\u0131nad\u0131.<\/p>\n<p>Ba\u015fbakan Vail el Halaki yapt\u0131\u011f\u0131 a\u00e7\u0131klamada; tek \u00e7at\u0131 alt\u0131nda faaliyet g\u00f6steren tekfirci ve hain ter\u00f6r \u00e7etelerinin i\u015fledikleri bu vah\u015fetin, muhtelif adland\u0131rmalar\u0131na ra\u011fmen t\u00fcm\u00fcn\u00fcn bir oldu\u011funa a\u00e7\u0131k bir kan\u0131t te\u015fkil etti\u011fini ifade etti. Halaki kimi rejimlerin ter\u00f6re desteklerine \u00f6rt\u00fc te\u015fkil etmek i\u00e7in \u2018\u0131l\u0131ml\u0131 muhalifler\u2019^yada daha ba\u015fka adland\u0131rmalar kullanmalar\u0131n\u0131n do\u011fru olmad\u0131\u011f\u0131n\u0131 kan\u0131tlayan bu katliam\u0131n, masum insanlar\u0131 katletme ve ter\u00f6r sald\u0131r\u0131lar\u0131nda t\u00fcm\u00fcn\u00fcn bir olduklar\u0131n\u0131 ortaya koydu\u011funu s\u00f6yledi.<\/p>\n<p>Suriye halk\u0131na y\u00f6nelik i\u015flenen bu ve daha ba\u015fka katliamlar\u0131n sorumlulu\u011funu \u00f6zellikle ABD, T\u00fcrkiye, Suudi Arabistan, Katar ve ter\u00f6ristleri destekleyen devletlere y\u00fckleyen Halaki; ter\u00f6re destekleri kar\u015f\u0131s\u0131nda sessiz kalan ve bu desteklerini kesmelerine zorlamayan uluslar aras\u0131 toplumun da bu katliamlarda pay\u0131 oldu\u011funu s\u00f6yledi.<\/p>\n<p>Ba\u015fbakan Halaki Suriye ve halk\u0131na y\u00f6nelik t\u0131rmanan ter\u00f6r, ekonomik ve medya sald\u0131r\u0131lar\u0131na ra\u011fmen Suriye&#8217;nin zafer elde etmesinin ka\u00e7\u0131n\u0131lmaz bir durum oldu\u011funu ifade etti.<\/p>\n<p>A.A. &#8211; M.M.<\/p>\n","protected":false},"excerpt":{"rendered":"<p>\u015eAM \u2013 Bakanlar Konseyi bug\u00fcn; \u0130dlib k\u0131rsal\u0131nda T\u00fcrkiye&#8217;deki rejimin destekledi\u011fi ba\u015fta Kaide \u00d6rg\u00fct\u00fcn\u00fcn Suriye kolu Nusra Cephesi olmak \u00fczere tekfirci ve hain ter\u00f6ristlerin Kalb el Lavza K\u00f6y\u00fcnde i\u015fledikleri ve onlarca kad\u0131n ve \u00e7ocu\u011fun kurban gitti\u011fi deh\u015fet verici katliam\u0131 \u015fiddetle k\u0131nad\u0131. Ba\u015fbakan Vail el Halaki yapt\u0131\u011f\u0131 a\u00e7\u0131klamada; tek \u00e7at\u0131 alt\u0131nda faaliyet g\u00f6steren tekfirci ve hain ter\u00f6r &hellip;<\/p>\n","protected":false},"author":1,"featured_media":36570,"comment_status":"closed","ping_status":"closed","sticky":false,"template":"","format":"standard","meta":{"footnotes":""},"categories":[479,2554,2555,478],"tags":[15172],"class_list":["post-36566","post","type-post","status-publish","format-standard","has-post-thumbnail","","category-haberler-yerel","category-suriye-ve-dunya","category-suriye-ve-turkiye","category-yerel","tag-kabine-katliamin-sorumlulugunu-turkiye-dahil-destekci-devletlere-yukledi"],"_links":{"self":[{"href":"https:\/\/archive.sana.sy\/tr\/index.php?rest_route=\/wp\/v2\/posts\/36566","targetHints":{"allow":["GET"]}}],"collection":[{"href":"https:\/\/archive.sana.sy\/tr\/index.php?rest_route=\/wp\/v2\/posts"}],"about":[{"href":"https:\/\/archive.sana.sy\/tr\/index.php?rest_route=\/wp\/v2\/types\/post"}],"author":[{"embeddable":true,"href":"https:\/\/archive.sana.sy\/tr\/index.php?rest_route=\/wp\/v2\/users\/1"}],"replies":[{"embeddable":true,"href":"https:\/\/archive.sana.sy\/tr\/index.php?rest_route=%2Fwp%2Fv2%2Fcomments&post=36566"}],"version-history":[{"count":0,"href":"https:\/\/archive.sana.sy\/tr\/index.php?rest_route=\/wp\/v2\/posts\/36566\/revisions"}],"wp:featuredmedia":[{"embeddable":true,"href":"https:\/\/archive.sana.sy\/tr\/index.php?rest_route=\/wp\/v2\/media\/36570"}],"wp:attachment":[{"href":"https:\/\/archive.sana.sy\/tr\/index.php?rest_route=%2Fwp%2Fv2%2Fmedia&parent=36566"}],"wp:term":[{"taxonomy":"category","embeddable":true,"href":"https:\/\/archive.sana.sy\/tr\/index.php?rest_route=%2Fwp%2Fv2%2Fcategories&post=36566"},{"taxonomy":"post_tag","embeddable":true,"href":"https:\/\/archive.sana.sy\/tr\/index.php?rest_route=%2Fwp%2Fv2%2Ftags&post=36566"}],"curies":[{"name":"wp","href":"https:\/\/api.w.org\/{rel}","templated":true}]}}