{"id":36576,"date":"2015-06-11T18:12:48","date_gmt":"2015-06-11T15:12:48","guid":{"rendered":"http:\/\/sana.sy\/tr\/?p=36576"},"modified":"2015-06-11T18:19:27","modified_gmt":"2015-06-11T15:19:27","slug":"suriyeliler-olumsuz-liderlerinden-aldiklari-mirasi-onurla-koruyorlar","status":"publish","type":"post","link":"https:\/\/archive.sana.sy\/tr\/?p=36576","title":{"rendered":"Suriyeliler \u00d6l\u00fcms\u00fcz Liderlerinden Ald\u0131klar\u0131 Miras\u0131 Onurla Koruyorlar"},"content":{"rendered":"<p>\u015eAM \u2013 \u00d6l\u00fcms\u00fcz lider Haf\u0131z El Esad\u2019\u0131n aram\u0131zdan ayr\u0131l\u0131\u015f\u0131n\u0131n 15. Y\u0131l d\u00f6n\u00fcm\u00fc anmalar\u0131nda yeni Suriye&#8217;nin kurucusunun cesareti, hak ve adaletin mutlak zaferine duydu\u011fu g\u00fcvenin yan\u0131 s\u0131ra vatan ve evlatlar\u0131n\u0131 tehdit eden hi\u00e7bir d\u00fc\u015fman kar\u015f\u0131s\u0131nda asla boyun e\u011fmeyen iradesini b\u00fcy\u00fctmenin onurunu ya\u015fad\u0131lar.<\/p>\n<p>Yeni Suriye&#8217;nin kurucusu el Esad\u2019\u0131n \u201cHalk\u0131ma \u00d6m\u00fcr Boyu Utan\u00e7 Duyaca\u011f\u0131 Bir Bar\u0131\u015f Miras Edece\u011fime U\u011fruna M\u00fccadele Edecekleri Onurlu Bir Dava Miras Etmeyi Tercih Ederim\u201d s\u00f6z\u00fc ve anlay\u0131\u015f\u0131n\u0131 tam anlam\u0131yla \u00f6z\u00fcmseyen Suriyeliler bug\u00fcn de tekfirci ter\u00f6r kar\u015f\u0131s\u0131nda direnme g\u00fcc\u00fcn\u00fc bu anlay\u0131\u015f ve perspektifle b\u00fcy\u00fct\u00fcyorlar.<\/p>\n<p>Anma t\u00f6renlerinde \u00f6l\u00fcms\u00fcz liderlerinin huzuruna onur ve gururla \u00e7\u0131kan Suriyeliler atalar\u0131n\u0131n canlar\u0131 pahas\u0131na koruyarak kendilerine miras ettikleri e\u015fsiz vatan\u0131n tek bir zerresini bile pazarl\u0131k konusu yapmayacaklar\u0131n\u0131 ve her ne pahas\u0131na olursa olsun atalar\u0131ndan ald\u0131klar\u0131 \u015fekilde evlatlar\u0131na miras edeceklerini b\u00fct\u00fcn d\u00fcnyaya yeniden ilan ettiler.<\/p>\n<p>Son be\u015f y\u0131l\u0131n\u0131 d\u00fcnyan\u0131n ve tarihin en vah\u015fi ter\u00f6r\u00fcne kar\u015f\u0131 m\u00fccadeleyle ge\u00e7iren Suriyeliler \u00f6l\u00fcms\u00fcz liderlerini y\u00fcreklerinin en derinlerinde \u00f6\u011f\u00fctlerini ve vatana vefas\u0131n\u0131 beyinlerinin her k\u0131vr\u0131m\u0131nda ya\u015fatmaya devam ettiklerini hayk\u0131rd\u0131lar.<\/p>\n<p>Halk\u0131na \u201c\u2026Dini maske olarak kullanan d\u00fc\u015fmanlar en tehlikeli d\u00fc\u015fmanlard\u0131r. Vatan\u0131m\u0131z\u0131 bu d\u00fc\u015fmanlara kar\u015f\u0131 korumak i\u00e7in dikkatimizi her zaman en \u00fcst d\u00fczeyde tutmak gerekiyor\u2026\u201d c\u00fcmlesiyle \u00f6zetlenebilecek bir perspektif miras\u0131 b\u0131rakan el Esad, \u0130ran \u0130slam Devrimi ve Filistin davas\u0131 ile ilgili sergiledi\u011fi ulusal tutumla sald\u0131rganlar kar\u015f\u0131s\u0131nda halklardan ve hakl\u0131dan yana tutumda \u0131srar gelene\u011fini de bu topraklarda b\u00fcy\u00fctt\u00fc.<\/p>\n<p>Suriyeliler, \u00f6l\u00fcms\u00fcz liderlerinin, Suriye tarihinin yeni\u00e7a\u011f\u0131n\u0131n, siyasi, ekonomik, sosyal ve k\u00fclt\u00fcrel temellerinin at\u0131ld\u0131\u011f\u0131 Reform Hareketiyle ba\u015flayarak 1973 y\u0131l\u0131nda i\u015fgalci \u0130srail ordusuna kar\u015f\u0131 kurtulu\u015f sava\u015f\u0131 sonunda kazand\u0131\u011f\u0131 tarihi zafere kadar ilmek ilmek dokudu\u011fu vatan topraklar\u0131nda sevgi, huzur, karde\u015flik ve bar\u0131\u015f\u0131 sa\u011flamak i\u00e7in m\u00fccadelelerini kesintisiz bir \u015fekilde s\u00fcrd\u00fcr\u00fcyorlar.<\/p>\n<p>\u015eanl\u0131 Te\u015frin Zaferinden sonra, ideolojik g\u00fcc\u00fcn\u00fc dosta d\u00fc\u015fmana kan\u0131tlayan ordunun yeniden in\u015fas\u0131yla i\u015fe ba\u015flayan el Esad, devletin b\u00fct\u00fcn kurumlar\u0131n\u0131n kurulu\u015f ve kurumla\u015fma a\u015famalar\u0131n\u0131 \u00f6zen ve \u00f6zveriyle takip ederken bir yandan sa\u011fl\u0131k ve e\u011fitim hizmetlerinin b\u00fct\u00fcn vatanda\u015flara kar\u015f\u0131l\u0131ks\u0131z bir \u015fekilde taktim edilmesini sa\u011flad\u0131.<\/p>\n<p>B\u00fct\u00fcn Suriyeliler biliyor ki bu s\u00fcre\u00e7te tekfirci ter\u00f6r kar\u015f\u0131s\u0131nda \u015fanl\u0131 bir direni\u015f sergileniyorsa \u00f6l\u00fcms\u00fcz liderlerinin miras b\u0131rakt\u0131\u011f\u0131 g\u00fc\u00e7l\u00fc kurumlar ve inan\u00e7l\u0131 ordu sayesinde olmu\u015ftur.<\/p>\n<p>Bilinece\u011fi \u00fczere \u00d6l\u00fcms\u00fcz Lider El Esad 6 Ekim 1930 tarihinde Lazkiye\u2019nin K\u0131rdaha kasabas\u0131nda d\u00fcnyaya geldi. \u0130lk \u00f6\u011frenimini burada tamamlad\u0131ktan sonra orta ve y\u00fcksek \u00f6\u011frenimini s\u00fcrd\u00fcrmek amac\u0131yla Lazkiye kentine ta\u015f\u0131nd\u0131. 1952 g\u00f6n\u00fcll\u00fc olarak girdi\u011fi Askerlik Akademisinden mezun olduktan sonra 1955 y\u0131l\u0131nda Hava Kuvvetleri Akademisine yerle\u015fti.<\/p>\n<p>Bir d\u00f6nem D\u0131\u015fi\u015fleri Bakanl\u0131\u011f\u0131 yapan el Esad, 1966 y\u0131l\u0131nda Hava Kuvvetleri Komutanl\u0131\u011f\u0131na atand\u0131. 1970 ba\u015fbakanl\u0131k ve savunma bakanl\u0131\u011f\u0131 makamlar\u0131nda yer alan \u00d6l\u00fcms\u00fcz Lider 1971 y\u0131l\u0131nda Suriye Ba\u015fkanl\u0131\u011f\u0131na se\u00e7ildi.<\/p>\n<p>F.B. &#8211; M.M.<\/p>\n","protected":false},"excerpt":{"rendered":"<p>\u015eAM \u2013 \u00d6l\u00fcms\u00fcz lider Haf\u0131z El Esad\u2019\u0131n aram\u0131zdan ayr\u0131l\u0131\u015f\u0131n\u0131n 15. Y\u0131l d\u00f6n\u00fcm\u00fc anmalar\u0131nda yeni Suriye&#8217;nin kurucusunun cesareti, hak ve adaletin mutlak zaferine duydu\u011fu g\u00fcvenin yan\u0131 s\u0131ra vatan ve evlatlar\u0131n\u0131 tehdit eden hi\u00e7bir d\u00fc\u015fman kar\u015f\u0131s\u0131nda asla boyun e\u011fmeyen iradesini b\u00fcy\u00fctmenin onurunu ya\u015fad\u0131lar. Yeni Suriye&#8217;nin kurucusu el Esad\u2019\u0131n \u201cHalk\u0131ma \u00d6m\u00fcr Boyu Utan\u00e7 Duyaca\u011f\u0131 Bir Bar\u0131\u015f Miras Edece\u011fime &hellip;<\/p>\n","protected":false},"author":1,"featured_media":36579,"comment_status":"closed","ping_status":"closed","sticky":false,"template":"","format":"standard","meta":{"footnotes":""},"categories":[1],"tags":[15175],"class_list":["post-36576","post","type-post","status-publish","format-standard","has-post-thumbnail","","category-news-not-sorted","tag-suriyeliler-olumsuz-liderlerinden-aldiklari-mirasi-onurla-koruyorlar"],"_links":{"self":[{"href":"https:\/\/archive.sana.sy\/tr\/index.php?rest_route=\/wp\/v2\/posts\/36576","targetHints":{"allow":["GET"]}}],"collection":[{"href":"https:\/\/archive.sana.sy\/tr\/index.php?rest_route=\/wp\/v2\/posts"}],"about":[{"href":"https:\/\/archive.sana.sy\/tr\/index.php?rest_route=\/wp\/v2\/types\/post"}],"author":[{"embeddable":true,"href":"https:\/\/archive.sana.sy\/tr\/index.php?rest_route=\/wp\/v2\/users\/1"}],"replies":[{"embeddable":true,"href":"https:\/\/archive.sana.sy\/tr\/index.php?rest_route=%2Fwp%2Fv2%2Fcomments&post=36576"}],"version-history":[{"count":0,"href":"https:\/\/archive.sana.sy\/tr\/index.php?rest_route=\/wp\/v2\/posts\/36576\/revisions"}],"wp:featuredmedia":[{"embeddable":true,"href":"https:\/\/archive.sana.sy\/tr\/index.php?rest_route=\/wp\/v2\/media\/36579"}],"wp:attachment":[{"href":"https:\/\/archive.sana.sy\/tr\/index.php?rest_route=%2Fwp%2Fv2%2Fmedia&parent=36576"}],"wp:term":[{"taxonomy":"category","embeddable":true,"href":"https:\/\/archive.sana.sy\/tr\/index.php?rest_route=%2Fwp%2Fv2%2Fcategories&post=36576"},{"taxonomy":"post_tag","embeddable":true,"href":"https:\/\/archive.sana.sy\/tr\/index.php?rest_route=%2Fwp%2Fv2%2Ftags&post=36576"}],"curies":[{"name":"wp","href":"https:\/\/api.w.org\/{rel}","templated":true}]}}