{"id":36625,"date":"2015-06-12T23:10:06","date_gmt":"2015-06-12T20:10:06","guid":{"rendered":"http:\/\/sana.sy\/tr\/?p=36625"},"modified":"2015-06-13T12:38:41","modified_gmt":"2015-06-13T09:38:41","slug":"cokuluslu-teror-cetelerine-yonelik-operasyonlar-hiz-kesmeden-devam-ediyor-5","status":"publish","type":"post","link":"https:\/\/archive.sana.sy\/tr\/?p=36625","title":{"rendered":"\u00c7okuluslu Ter\u00f6r \u00c7etelerine Y\u00f6nelik Operasyonlar H\u0131z Kesmeden Devam Ediyor"},"content":{"rendered":"<p>\u0130LLER \u2013 Vatan koruyucular\u0131 ordu birliklerimiz \u00e7okuluslu ter\u00f6r \u00e7etelerine kar\u015f\u0131 operasyonlar\u0131n\u0131 h\u0131z kesmeden yeni ba\u015far\u0131lara imza atar s\u00fcrd\u00fcr\u00fcrken, bug\u00fcn muhtelif b\u00f6lgelerde onlar\u0131 a\u011f\u0131r kay\u0131plara u\u011fratt\u0131lar.<\/p>\n<p><span style=\"color: #0000ff\">\u015eAM KIRSALI :<\/span><\/p>\n<p>Saha kaynaklar\u0131; ordu birliklerimizin L\u00fcbnan direni\u015f gruplar\u0131yla i\u015fbirli\u011fi i\u00e7inde bug\u00fcn \u015eam k\u0131rsal\u0131 Kalemun B\u00f6lgesindeki Ceracir Da\u011flar\u0131n\u0131n \u015eeab el Nessub, Ebu Harb ve Seman b\u00f6lmelerinde \u00e7ok say\u0131da ter\u00f6risti \u00f6ld\u00fcrmeleri ard\u0131ndan b\u00f6lgeleri tamam\u0131yla kontrol\u00fc alt\u0131na ald\u0131klar\u0131n\u0131 ve hakimiyetleri alt\u0131ndaki alanlar\u0131 geni\u015flettiklerini ifade etti.<\/p>\n<p>Kaynaklar; \u00e7at\u0131\u015fmalarda aralar\u0131nda yabanc\u0131lar\u0131n bulundu\u011fu y\u00fcksek say\u0131da ter\u00f6ristin \u00f6l\u00fc ve yaral\u0131 d\u00fc\u015f\u00fcr\u00fcl\u00fcp ara\u00e7, cephane ve silahlar\u0131n da imha edildi\u011fini aktard\u0131.<\/p>\n<p>Ordu birliklerimizin L\u00fcbnan direni\u015f gruplar\u0131yla i\u015fbirli\u011fi i\u00e7inde Ceracir Da\u011flar\u0131n\u0131n g\u00fcneybat\u0131s\u0131ndaki \u015emeys el H\u0131san y\u00f6n\u00fcnde ilerlemeyi s\u00fcrd\u00fcrd\u00fcklerini s\u00f6yleyen kaynaklar; \u00e7at\u0131\u015fmalardan ka\u00e7an I\u015e\u0130D ve Nusra Cephesi tekfircilerini kovalama operasyonlar\u0131n\u0131 s\u00fcrd\u00fcrd\u00fcklerini belirtti.<\/p>\n<div class=\"KL\">\n<div class=\"PD IF\">\n<div id=\":fc.co\" class=\"JL\">\n<div id=\":fk.ma\" class=\"Mu SP\">\n<div id=\":fk.co\" class=\"tL8wMe xAWnQc\" dir=\"ltr\"><span dir=\"ltr\">G\u00fcn\u00fcn ilerleyen saatlerinde a\u00e7\u0131klama yapan askeri kaynak ordu birliklerimizin L\u00fcbnan direni\u015f g\u00fc\u00e7leriyle i\u015fbirli\u011fi i\u00e7inde \u015eam k\u0131rsal\u0131 Kalemun B\u00f6lgesinin Caracir Da\u011flar\u0131n\u0131n g\u00fcneyinde \u015emeys el H\u0131san B\u00f6lmesini tekfirci ter\u00f6ristlerden temizleyerek hakimiyeti alt\u0131na ald\u0131klar\u0131n\u0131 aktard\u0131.<\/span><\/div>\n<\/div>\n<\/div>\n<\/div>\n<\/div>\n<p><span style=\"color: #0000ff\">DERA :<\/span><\/p>\n<p>Askeri kaynak; ordu birliklerimizin Dera k\u0131rsal\u0131n\u0131n kuzeyi Etman Beldesinde bir ter\u00f6r grubunun t\u00fcm \u00fcyelerini ekipmanlar\u0131yla tamamen imha etmelerine e\u015f zamanl\u0131 olarak Dera Beled\u2019teki Kablo Binas\u0131n\u0131n g\u00fcneyinde iki arac\u0131 da muhtevalar\u0131yla imha ettiklerini ifade etti.<\/p>\n<p>Kaynak; \u00dcrd\u00fcn s\u0131n\u0131rlar\u0131ndan gelen destek hatlar\u0131na kar\u015f\u0131 askeri operasyonlar\u0131n\u0131 s\u00fcrd\u00fcren ordu birliklerimizin Dera Beled\u2019te bulunan Nusra Cephesi ve \u2018Musanna \u0130slami Hareketi\u2019 adl\u0131 tekfircilerin saflar\u0131nda a\u011f\u0131r kay\u0131plara yol a\u00e7t\u0131\u011f\u0131n\u0131 belirtti.<\/p>\n<p>Bu arada hava g\u00fc\u00e7lerimiz Dera k\u0131rsal\u0131 Neva, Um Valad ve Do\u011fu Kerk b\u00f6lgelerinde ter\u00f6ristlerin siperlerini hedef almalar\u0131yla buralarda da bir\u00e7ok ter\u00f6risti \u00f6l\u00fc ve yaral\u0131 d\u00fc\u015f\u00fcr\u00fcp havzalar\u0131ndaki silah ve m\u00fchimmat\u0131 imha etti.<\/p>\n<p><span style=\"color: #0000ff\">HOMS :<\/span><\/p>\n<p>Askeri kaynak; Homs iline tabi Tedmur Kasabas\u0131n\u0131n bat\u0131s\u0131 Beyyarat B\u00f6lgesinde ise ordu birliklerimizin I\u015e\u0130D\u2019in a\u011f\u0131r makineli silahlarla donat\u0131lm\u0131\u015f ara\u00e7lar\u0131n\u0131 imha ederken \u00e7ok say\u0131da ter\u00f6risti \u00f6l\u00fc ve yaral\u0131 d\u00fc\u015f\u00fcrd\u00fcklerini s\u00f6yledi.<\/p>\n<p>Ordu birliklerimizin Homs k\u0131rsal\u0131n\u0131n kuzeyi Telbise B\u00f6lgesine d\u00fc\u015fen Hamrat K\u00f6y\u00fcne ilaveten Resten Kasabas\u0131nda Nusra Cephesine ait karargah ve mevkileri imha ettiklerini belirten kaynak; y\u00fcksek say\u0131da ter\u00f6risti \u00f6l\u00fc ve yaral\u0131 d\u00fc\u015f\u00fcrd\u00fcklerini s\u00f6zlerine ekledi.<\/p>\n<p><a href=\"http:\/\/sana.sy\/tr\/wp-content\/uploads\/2015\/06\/Vadi-Halitte-\u00f6ld\u00fcr\u00fclen-ter\u00f6ristler.jpg\"><img loading=\"lazy\" decoding=\"async\" class=\"alignright size-medium wp-image-36678\" src=\"http:\/\/sana.sy\/tr\/wp-content\/uploads\/2015\/06\/Vadi-Halitte-\u00f6ld\u00fcr\u00fclen-ter\u00f6ristler-300x160.jpg\" alt=\"Vadi Halit'te \u00f6ld\u00fcr\u00fclen ter\u00f6ristler\" width=\"300\" height=\"160\" srcset=\"https:\/\/archive.sana.sy\/tr\/wp-content\/uploads\/2015\/06\/Vadi-Halitte-\u00f6ld\u00fcr\u00fclen-ter\u00f6ristler-300x160.jpg 300w, https:\/\/archive.sana.sy\/tr\/wp-content\/uploads\/2015\/06\/Vadi-Halitte-\u00f6ld\u00fcr\u00fclen-ter\u00f6ristler-150x80.jpg 150w, https:\/\/archive.sana.sy\/tr\/wp-content\/uploads\/2015\/06\/Vadi-Halitte-\u00f6ld\u00fcr\u00fclen-ter\u00f6ristler.jpg 620w\" sizes=\"auto, (max-width: 300px) 100vw, 300px\" \/><\/a>Kaynak; ordu birliklerimizin ve s\u0131n\u0131r koruma birlikleriyle i\u015fbirli\u011fi i\u00e7inde Homs k\u0131rsal\u0131nda L\u00fcbnan\u2019\u0131n Vadi Halit B\u00f6lgesinden Telkeleh k\u0131rsal\u0131na s\u0131zmaya \u00e7al\u0131\u015fan bir ter\u00f6r grubuyla \u015fiddetli \u00e7at\u0131\u015fmaya girdiklerini aktard\u0131.<\/p>\n<p>Kaynak; \u00e7at\u0131\u015fmalarda ter\u00f6r grubu \u00fcyelerinin \u00e7o\u011funun \u00f6l\u00fc ve yaral\u0131 d\u00fc\u015f\u00fcr\u00fcld\u00fc\u011f\u00fcn\u00fc, geriye kalanlar\u0131n ise L\u00fcbnan topraklar\u0131na geri ka\u00e7t\u0131klar\u0131n\u0131 aktar\u0131rken; \u00f6len ter\u00f6ristlerden aralar\u0131nda R\u0131dvan Muhammed el Ahmet ve L\u00fcbnanl\u0131 Halit Muhammed Uvay\u015fi\u2019nin bulundu\u011fu bir k\u0131s\u0131m tehlikeli ter\u00f6ristlerin kimliklerinin tespit edildi\u011fine dikkat \u00e7ekti.<\/p>\n<p>Di\u011fer yandan Homs k\u0131rsal\u0131n\u0131n do\u011fusu Suhne \u2013 Tedmur yoluna ilaveten Cezl petrol platformu civar\u0131nda da ordu birliklerimiz I\u015e\u0130D\u2019in toplanma yerleri ve onlarca arac\u0131n\u0131 imha etti.<\/p>\n<p>https:\/\/www.youtube.com\/watch?v=nls1AELQvsg<\/p>\n<p><span style=\"color: #0000ff\">S\u00dcVEYDA :<\/span><\/p>\n<p>S\u00fcveyda k\u0131rsal\u0131nda ise ordu birliklerimizin k\u0131rsal\u0131n do\u011fusu Ra\u015fide K\u00f6y\u00fcnde I\u015e\u0130D mevkilerine kar\u015f\u0131 nitelikli operasyonlar\u0131n\u0131 s\u00fcrd\u00fcrd\u00fcklerini aktaran askeri kaynak; \u00e7ok say\u0131da ter\u00f6risti \u00f6ld\u00fcr\u00fcp ara\u00e7, silah ve m\u00fchimmatlar\u0131n\u0131 da imha ettiklerini belirtti.<\/p>\n<p><span style=\"color: #0000ff\">HASEKE :<\/span><\/p>\n<p>Askeri kaynak; Haseke k\u0131rsal\u0131n\u0131n g\u00fcneyinde de hava g\u00fc\u00e7lerimizin I\u015e\u0130D\u2019in bir ara\u00e7 konvoyunu imha etmeleri sonucunda bir\u00e7ok tekfirciyi \u00f6l\u00fc ve yaral\u0131 d\u00fc\u015f\u00fcrd\u00fcklerini s\u00f6yledi.<\/p>\n<p>Di\u011fer yandan Haseke Valili\u011finde bir kaynak; ordu birliklerimizin halk savunma gruplar\u0131yla i\u015fbirli\u011fi i\u00e7inde Haseke\u2019nin g\u00fcneybat\u0131s\u0131 Cisr Abyad civar\u0131nda I\u015e\u0130D \u00e7eteleriyle \u00e7at\u0131\u015fmaya girdiklerini ve saflar\u0131nda b\u00fcy\u00fck kay\u0131plara yol a\u00e7t\u0131klar\u0131n\u0131 s\u00f6zlerine ekledi.<\/p>\n<p>Kaynak; Haseke k\u0131rsal\u0131 Do\u011fu Brak Tepesi \u2013 Haseke yolunun Kaka Sait K\u00f6y\u00fc \u00e7evresinde ise ordu birliklerimizin bir\u00e7ok ter\u00f6risti \u00f6ld\u00fcr\u00fcp bir arac\u0131 muhtevalar\u0131yla imha ettiklerini s\u00f6yledi.<\/p>\n<p><span style=\"color: #0000ff\">\u0130DL\u0130B :<\/span><\/p>\n<p>Hava g\u00fc\u00e7lerimiz bug\u00fcn \u0130dlib k\u0131rsal\u0131nda katil Erdo\u011fan rejimine ba\u011fl\u0131 \u2018Fatih Ordusu\u2019 olarak adland\u0131r\u0131lan tekfirci olu\u015fma tabi saha komutanlar\u0131na ait karargahlar\u0131 imha etti.<\/p>\n<p>Askeri kaynak; hava g\u00fc\u00e7lerimizin \u0130dlib \u0130line tabi Cisre\u015f\u015fu\u011fur k\u0131rsal\u0131n\u0131n g\u00fcneydo\u011fusu Kefar Uvayed K\u00f6y\u00fcnde ter\u00f6ristlerin karargah\u0131n\u0131 hedef alarak bir\u00e7ok eleba\u015f\u0131n\u0131 \u00f6ld\u00fcrd\u00fcklerini ifade etti. Kaynak; \u00f6len ter\u00f6ristlerin aralar\u0131nda \u2018Fatih Ordusu\u2019nda \u2018Ebu Ahmet Dervi\u015f\u2019 kod ad\u0131yla bir ter\u00f6r eleba\u015f\u0131n\u0131n kimli\u011finin tespit edildi\u011fini aktard\u0131.<\/p>\n<p>Bu arada hava g\u00fc\u00e7lerimizin \u0130dlib k\u0131rsal\u0131n\u0131n g\u00fcneydo\u011fusu Ebu Zuhur, Mecas, Hmeymat, Deb\u015fi ve Habit b\u00f6lgelerinde ter\u00f6ristlerin mevkilerini bombalad\u0131klar\u0131n\u0131 s\u00f6yleyen kaynak; yuva ve ara\u00e7lar\u0131n\u0131 imha edip buralarda da onlarca ter\u00f6risti \u00f6l\u00fc ve yaral\u0131 d\u00fc\u015f\u00fcrd\u00fcklerini belirtti.<\/p>\n<p>Kaynak, hava silah\u0131 bombard\u0131manlar\u0131n\u0131n ayr\u0131ca \u0130dlib k\u0131rsal\u0131n\u0131n el Ter\u2019a, Kefarnubbul, Tel Selmo, Um Cerin, Tel Selmo\u2019nun g\u00fcneyi ve Ebu el Duhur havaalan\u0131n\u0131n \u00e7evresinde Nusra cephesi ter\u00f6ristlerinin toplanma merkezlerini hedefg almas\u0131 sonucunda \u00e7ok say\u0131da ter\u00f6ristin \u00f6lmesi ve yaralanmas\u0131, a\u011f\u0131r ve orta taramal\u0131 silahlarla donan\u0131ml\u0131 ara\u00e7lar\u0131n\u0131n imha edilmesine yol a\u00e7t\u0131\u011f\u0131n\u0131 ekledi.<\/p>\n<p><span style=\"color: #0000ff\">KUNAYTRA :<\/span><\/p>\n<p>Askeri kaynak SANA muhabirine a\u00e7\u0131klamas\u0131nda, ordu birliklerimizin Tel Meshara\u2019n\u0131n kuzey do\u011fusu ile Kunaytra ve Dera kentleri aras\u0131nda tekfiri ter\u00f6ristlerin d\u00fc\u015fman \u0130srail ve Suriyelilere komplo kuran rejimler taraf\u0131ndan lojistik ve silahlanma deste\u011fi ikmal noktas\u0131 say\u0131lan g\u00fcney yamac\u0131nda Nusra Cephesi ter\u00f6ristlerinin yuvalar\u0131na y\u00f6nelik ba\u015far\u0131l\u0131 operasyonlar d\u00fczenlediklerini s\u00f6yledi.<\/p>\n<p>Kaynak, s\u00f6z konusu operasyonlar sonucunda \u00e7ok say\u0131da ter\u00f6ristin \u00f6l\u00fc ve yaral\u0131 d\u00fc\u015f\u00fcr\u00fclmesi, silah ve cephanelerinin de imha edilmesine yol a\u00e7t\u0131\u011f\u0131na i\u015faret etti.<\/p>\n<p>Askeri kaynak; ordu birliklerimizin Kunaytra k\u0131rsal\u0131 Nabi el Sahr, Murabaat ve Tel Meshara b\u00f6lgelerinde \u00e7ok say\u0131da ter\u00f6risti \u00f6l\u00fc ve yaral\u0131 d\u00fc\u015f\u00fcrd\u00fcklerini ifade etti.<\/p>\n<p>M.M. &#8211; A.A. -S.\u015e<\/p>\n","protected":false},"excerpt":{"rendered":"<p>\u0130LLER \u2013 Vatan koruyucular\u0131 ordu birliklerimiz \u00e7okuluslu ter\u00f6r \u00e7etelerine kar\u015f\u0131 operasyonlar\u0131n\u0131 h\u0131z kesmeden yeni ba\u015far\u0131lara imza atar s\u00fcrd\u00fcr\u00fcrken, bug\u00fcn muhtelif b\u00f6lgelerde onlar\u0131 a\u011f\u0131r kay\u0131plara u\u011fratt\u0131lar. \u015eAM KIRSALI : Saha kaynaklar\u0131; ordu birliklerimizin L\u00fcbnan direni\u015f gruplar\u0131yla i\u015fbirli\u011fi i\u00e7inde bug\u00fcn \u015eam k\u0131rsal\u0131 Kalemun B\u00f6lgesindeki Ceracir Da\u011flar\u0131n\u0131n \u015eeab el Nessub, Ebu Harb ve Seman b\u00f6lmelerinde \u00e7ok say\u0131da ter\u00f6risti &hellip;<\/p>\n","protected":false},"author":1,"featured_media":36628,"comment_status":"closed","ping_status":"closed","sticky":false,"template":"","format":"standard","meta":{"footnotes":""},"categories":[575],"tags":[704],"class_list":["post-36625","post","type-post","status-publish","format-standard","has-post-thumbnail","","category-olaylar-ve-gercekler","tag-cokuluslu-teror-cetelerine-yonelik-operasyonlar-hiz-kesmeden-devam-ediyor"],"_links":{"self":[{"href":"https:\/\/archive.sana.sy\/tr\/index.php?rest_route=\/wp\/v2\/posts\/36625","targetHints":{"allow":["GET"]}}],"collection":[{"href":"https:\/\/archive.sana.sy\/tr\/index.php?rest_route=\/wp\/v2\/posts"}],"about":[{"href":"https:\/\/archive.sana.sy\/tr\/index.php?rest_route=\/wp\/v2\/types\/post"}],"author":[{"embeddable":true,"href":"https:\/\/archive.sana.sy\/tr\/index.php?rest_route=\/wp\/v2\/users\/1"}],"replies":[{"embeddable":true,"href":"https:\/\/archive.sana.sy\/tr\/index.php?rest_route=%2Fwp%2Fv2%2Fcomments&post=36625"}],"version-history":[{"count":0,"href":"https:\/\/archive.sana.sy\/tr\/index.php?rest_route=\/wp\/v2\/posts\/36625\/revisions"}],"wp:featuredmedia":[{"embeddable":true,"href":"https:\/\/archive.sana.sy\/tr\/index.php?rest_route=\/wp\/v2\/media\/36628"}],"wp:attachment":[{"href":"https:\/\/archive.sana.sy\/tr\/index.php?rest_route=%2Fwp%2Fv2%2Fmedia&parent=36625"}],"wp:term":[{"taxonomy":"category","embeddable":true,"href":"https:\/\/archive.sana.sy\/tr\/index.php?rest_route=%2Fwp%2Fv2%2Fcategories&post=36625"},{"taxonomy":"post_tag","embeddable":true,"href":"https:\/\/archive.sana.sy\/tr\/index.php?rest_route=%2Fwp%2Fv2%2Ftags&post=36625"}],"curies":[{"name":"wp","href":"https:\/\/api.w.org\/{rel}","templated":true}]}}