{"id":36634,"date":"2015-06-12T19:36:40","date_gmt":"2015-06-12T16:36:40","guid":{"rendered":"http:\/\/sana.sy\/tr\/?p=36634"},"modified":"2015-06-13T17:24:44","modified_gmt":"2015-06-13T14:24:44","slug":"bolge-ve-dunya-devletlerinin-onunde-sadece-iki-secenek-vardir","status":"publish","type":"post","link":"https:\/\/archive.sana.sy\/tr\/?p=36634","title":{"rendered":"B\u00f6lge ve D\u00fcnya Devletlerinin \u00d6n\u00fcnde Sadece \u0130ki Se\u00e7enek Vard\u0131r"},"content":{"rendered":"<p>\u015eAM \u2013 D\u0131\u015fi\u015fleri ve Gurbet\u00e7iler Bakanl\u0131\u011f\u0131; Suudi Arabistan, Katar, \u0130srail, \u00dcrd\u00fcn ve T\u00fcrkiye&#8217;deki rejimlerin uluslararas\u0131 kararlar ve BM misak\u0131na ihlallerini s\u00fcrd\u00fcr\u00fcp e\u011fitim, silah, bar\u0131nak, finans ve her t\u00fcrl\u00fc deste\u011fi devam ettirmeleri nedeniyle tekfirci ve hain ter\u00f6ristlerin insanl\u0131\u011fa kar\u015f\u0131 vah\u015fetlerini s\u00fcrd\u00fcrd\u00fcklerini belirtti.<\/p>\n<p>Bakanl\u0131k T\u00fcrkiye&#8217;deki rejimin destekledi\u011fi ve Kaide \u00d6rg\u00fct\u00fcn\u00fcn Suriye kolu olan Nusra Cephesinin yan\u0131 s\u0131ra Ahrar el \u015eam \u0130slami Hareketin 10 Haziran \u00c7ar\u015famba ak\u015fam \u0130dlib k\u0131rsal\u0131 Kalb el Lavza K\u00f6y\u00fcnde masum sivillere kar\u015f\u0131 i\u015fledikleri katliam konusunda Birle\u015fmi\u015f Milletler genel sekreteri ve G\u00fcvenlik Konseyi ba\u015fkan\u0131na g\u00f6nderdi\u011fi e\u015f iki mektupta; katliam\u0131n ayr\u0131nt\u0131lar\u0131na \u0131\u015f\u0131k tuttu. Erdo\u011fan rejimi taraf\u0131ndan desteklenen ve Suudi Krall\u0131\u011f\u0131 taraf\u0131ndan finanse edilen s\u00f6z konusu iki tekfirci \u00f6rg\u00fct \u00e7etelerinin k\u00f6yde aralar\u0131nda din adamlar\u0131, ya\u015fl\u0131 ve \u00e7ocuklar\u0131n bulundu\u011fu onlarca masum sivilin kafas\u0131n\u0131 vah\u015fice kestiklerini ifade eden Bakanl\u0131k; onlarca evi de kundaklay\u0131p ya\u011fmalad\u0131klar\u0131n\u0131 ifade etti. Bakanl\u0131k Suriye h\u00fck\u00fcmetinin katliamda kurban gidenlere ili\u015fkin bilgileri BM genel sekreterli\u011fi ve G\u00fcvenlik Konseyine g\u00f6nderece\u011fini belirtti.<\/p>\n<p>Bakanl\u0131k mektubunda Kalb el Lavza K\u00f6y\u00fcnde i\u015flenen katliam\u0131n, Suriye&#8217;nin d\u00f6rt bir yan\u0131nda i\u015flenen sistematik ve kas\u0131tl\u0131 katliamlar\u0131n bir halkas\u0131 oldu\u011funa dikkat \u00e7ekerken; s\u00f6z konusu devletlerin destekledikleri ter\u00f6r \u00f6rg\u00fctlerin Suriye halk\u0131n\u0131n t\u00fcm bile\u015fenlerini ve kesimlerini istisnas\u0131z bir \u015fekilde hedef ald\u0131klar\u0131na dikkat \u00e7ekti. Muhtelif adland\u0131rmalar\u0131na ra\u011fmen tek bir ideoloji ve ama\u00e7 u\u011fruna d\u0131\u015f g\u00fc\u00e7ler taraf\u0131ndan edat olarak kullan\u0131lan ter\u00f6r \u00f6rg\u00fctlerin birbirlerinden farkl\u0131 olmad\u0131klar\u0131na bir kez daha vurgu yapan Bakanl\u0131k; ama\u00e7lar\u0131n\u0131n Suriye halk\u0131n\u0131n muhtelif bile\u015fenleri aras\u0131nda fitne, b\u00f6l\u00fcc\u00fcl\u00fck, kin ve nefreti yaymak oldu\u011funu ifade etti.<\/p>\n<p>Bu tekfirci ve hain ter\u00f6ristlerin T\u00fcrkiye, Suudi Arabistan, Katar, \u00dcrd\u00fcn ve \u0130srail rejimlerinin her t\u00fcrl\u00fc s\u0131n\u0131rs\u0131z destekleri sayesinde katliamlar\u0131n\u0131 s\u00fcrd\u00fcrd\u00fcklerinin alt\u0131n\u0131 bir kez daha \u00e7izen Bakanl\u0131k; s\u00f6z konusu devletlerin bu desteklerini kesmeleri i\u00e7in BM ve G\u00fcvenlik Konseyini de bir kez daha sorumluluk ve g\u00f6reve \u00e7a\u011f\u0131rd\u0131.<\/p>\n<p>Bakanl\u0131k mektubunda ayr\u0131ca Suriye ve halk\u0131n\u0131 hedef alan ter\u00f6r\u00fcn ger\u00e7e\u011fi ve amac\u0131n\u0131n g\u00fcn\u00fcm\u00fczde tam bir netlik kazanm\u0131\u015f oldu\u011funu, Suriye&#8217;nin halk ve ordusuyla el ele ter\u00f6re kar\u015f\u0131 sava\u015f\u0131n\u0131 s\u00fcrd\u00fcrme azim ve kararl\u0131l\u0131\u011f\u0131nda oldu\u011funu vurgulad\u0131. D\u00fcnya devletleri ve uluslar aras\u0131 \u00f6rg\u00fct kurumlar\u0131n \u00f6n\u00fcnde sadece iki se\u00e7enek bulundu\u011funu ifade eden Bakanl\u0131k, ilkinin ter\u00f6re kar\u015f\u0131 m\u00fccadelede d\u00fcr\u00fcstl\u00fck ve g\u00fcvenirli\u011fini kan\u0131tlay\u0131p Suriye ve halk\u0131n\u0131n yan\u0131nda ter\u00f6re kar\u015f\u0131 tutum tak\u0131nmalar\u0131 oldu\u011funu belirtti. Bakanl\u0131k ikinci se\u00e7ene\u011fin ise ter\u00f6rden yana tutumlar\u0131n\u0131 s\u00fcrd\u00fcr\u00fcp olacaklar\u0131n sorumlulu\u011funu kendi halklar\u0131 ve d\u00fcnya kamuoyu \u00f6n\u00fcnde \u00fcstlenmek oldu\u011funu vurgulad\u0131.<\/p>\n<p>Mektubunda bakanl\u0131k ayn\u0131 zamanda kimi devletlerin dar g\u00f6r\u00fc\u015fleri, kin ve nefretleri kapsam\u0131nda bu katliamlar\u0131 i\u015fleyen ter\u00f6ristleri \u2018silahl\u0131 \u0131l\u0131ml\u0131 muhalifler\u2019 olarak adland\u0131rmalar\u0131 ve onlara me\u015fruluk verme \u00e7abalar\u0131nda olduklar\u0131na dikkat \u00e7ekerken, bu tutum ve \u00e7abalar\u0131n ciddi tehlikesine dikkat \u00e7ekti. S\u00f6z konusu devletlerin insanl\u0131k ve medeniyete kar\u015f\u0131 her t\u00fcrl\u00fc vah\u015feti i\u015fleyen bu ter\u00f6r \u00f6rg\u00fctlere \u00f6rt\u00fc ve me\u015fruluk temin etmeye \u00e7al\u0131\u015ft\u0131klar\u0131na dikkat \u00e7eken Bakanl\u0131k; uluslar aras\u0131 ter\u00f6r \u00f6rg\u00fctleri listesinde yer alan bir k\u0131sm\u0131n\u0131 da desteklemeye ve listeden \u00e7\u0131karmak i\u00e7in her gayreti g\u00f6stermelerinin tehlikesine i\u015faret etti.<\/p>\n<p>Ter\u00f6r\u00fc destekleyen devlet rejimlerine kar\u015f\u0131 ter\u00f6rle m\u00fccadele kanun ve kararlar\u0131 kapsam\u0131nda gerekli icraatlar\u0131n acilen al\u0131nmas\u0131nda BM ve G\u00fcvenlik konseyini bir kez daha g\u00f6rev ve sorumlulu\u011fa \u00e7a\u011f\u0131ran Bakanl\u0131k; bu mektubun resmi belge olarak kay\u0131tlara ge\u00e7ilmesini talep etti.<\/p>\n<p>A.A. &#8211; M.M.<\/p>\n","protected":false},"excerpt":{"rendered":"<p>\u015eAM \u2013 D\u0131\u015fi\u015fleri ve Gurbet\u00e7iler Bakanl\u0131\u011f\u0131; Suudi Arabistan, Katar, \u0130srail, \u00dcrd\u00fcn ve T\u00fcrkiye&#8217;deki rejimlerin uluslararas\u0131 kararlar ve BM misak\u0131na ihlallerini s\u00fcrd\u00fcr\u00fcp e\u011fitim, silah, bar\u0131nak, finans ve her t\u00fcrl\u00fc deste\u011fi devam ettirmeleri nedeniyle tekfirci ve hain ter\u00f6ristlerin insanl\u0131\u011fa kar\u015f\u0131 vah\u015fetlerini s\u00fcrd\u00fcrd\u00fcklerini belirtti. Bakanl\u0131k T\u00fcrkiye&#8217;deki rejimin destekledi\u011fi ve Kaide \u00d6rg\u00fct\u00fcn\u00fcn Suriye kolu olan Nusra Cephesinin yan\u0131 s\u0131ra &hellip;<\/p>\n","protected":false},"author":1,"featured_media":34538,"comment_status":"closed","ping_status":"closed","sticky":false,"template":"","format":"standard","meta":{"footnotes":""},"categories":[479,2554,2555,478],"tags":[15185],"class_list":["post-36634","post","type-post","status-publish","format-standard","has-post-thumbnail","","category-haberler-yerel","category-suriye-ve-dunya","category-suriye-ve-turkiye","category-yerel","tag-bolge-ve-dunya-devletlerinin-onunde-sadece-iki-secenek-vardir"],"_links":{"self":[{"href":"https:\/\/archive.sana.sy\/tr\/index.php?rest_route=\/wp\/v2\/posts\/36634","targetHints":{"allow":["GET"]}}],"collection":[{"href":"https:\/\/archive.sana.sy\/tr\/index.php?rest_route=\/wp\/v2\/posts"}],"about":[{"href":"https:\/\/archive.sana.sy\/tr\/index.php?rest_route=\/wp\/v2\/types\/post"}],"author":[{"embeddable":true,"href":"https:\/\/archive.sana.sy\/tr\/index.php?rest_route=\/wp\/v2\/users\/1"}],"replies":[{"embeddable":true,"href":"https:\/\/archive.sana.sy\/tr\/index.php?rest_route=%2Fwp%2Fv2%2Fcomments&post=36634"}],"version-history":[{"count":0,"href":"https:\/\/archive.sana.sy\/tr\/index.php?rest_route=\/wp\/v2\/posts\/36634\/revisions"}],"wp:featuredmedia":[{"embeddable":true,"href":"https:\/\/archive.sana.sy\/tr\/index.php?rest_route=\/wp\/v2\/media\/34538"}],"wp:attachment":[{"href":"https:\/\/archive.sana.sy\/tr\/index.php?rest_route=%2Fwp%2Fv2%2Fmedia&parent=36634"}],"wp:term":[{"taxonomy":"category","embeddable":true,"href":"https:\/\/archive.sana.sy\/tr\/index.php?rest_route=%2Fwp%2Fv2%2Fcategories&post=36634"},{"taxonomy":"post_tag","embeddable":true,"href":"https:\/\/archive.sana.sy\/tr\/index.php?rest_route=%2Fwp%2Fv2%2Ftags&post=36634"}],"curies":[{"name":"wp","href":"https:\/\/api.w.org\/{rel}","templated":true}]}}