{"id":36637,"date":"2015-06-12T19:49:32","date_gmt":"2015-06-12T16:49:32","guid":{"rendered":"http:\/\/sana.sy\/tr\/?p=36637"},"modified":"2015-06-12T19:51:51","modified_gmt":"2015-06-12T16:51:51","slug":"icisleri-bakani-hama-ve-idlib-emniyet-mudurlukleri-kadrolariyla-bir-araya-geldi","status":"publish","type":"post","link":"https:\/\/archive.sana.sy\/tr\/?p=36637","title":{"rendered":"\u0130\u00e7i\u015fleri Bakan\u0131 Hama ve \u0130dlib Emniyet M\u00fcd\u00fcrl\u00fckleri Kadrolar\u0131yla Bir Araya Geldi"},"content":{"rendered":"<p>HAMA \u2013 \u0130\u00e7i\u015fleri Bakan\u0131 Muhammed el \u015eear d\u00fcn Hama\u2019da \u0130dlib ve Hama emniyet m\u00fcd\u00fcrl\u00fcklerinde polis subaylar\u0131 ve polislerle bir araya geldi.<\/p>\n<p><a href=\"http:\/\/sana.sy\/tr\/wp-content\/uploads\/2015\/06\/\u0130\u00e7i\u015fleri-Bakan\u0131-Hama-ve-\u0130dlib-Emniyet-M\u00fcd\u00fcrl\u00fckleri-Kadrolar\u0131yla-Bir-Araya-Geldi-1.jpg\"><img loading=\"lazy\" decoding=\"async\" class=\"alignright wp-image-36640 size-medium\" src=\"http:\/\/sana.sy\/tr\/wp-content\/uploads\/2015\/06\/\u0130\u00e7i\u015fleri-Bakan\u0131-Hama-ve-\u0130dlib-Emniyet-M\u00fcd\u00fcrl\u00fckleri-Kadrolar\u0131yla-Bir-Araya-Geldi-1-300x201.jpg\" alt=\"\u0130\u00e7i\u015fleri Bakan\u0131 Hama ve \u0130dlib Emniyet M\u00fcd\u00fcrl\u00fckleri Kadrolar\u0131yla Bir Araya Geldi 1\" width=\"300\" height=\"201\" srcset=\"https:\/\/archive.sana.sy\/tr\/wp-content\/uploads\/2015\/06\/\u0130\u00e7i\u015fleri-Bakan\u0131-Hama-ve-\u0130dlib-Emniyet-M\u00fcd\u00fcrl\u00fckleri-Kadrolar\u0131yla-Bir-Araya-Geldi-1-300x201.jpg 300w, https:\/\/archive.sana.sy\/tr\/wp-content\/uploads\/2015\/06\/\u0130\u00e7i\u015fleri-Bakan\u0131-Hama-ve-\u0130dlib-Emniyet-M\u00fcd\u00fcrl\u00fckleri-Kadrolar\u0131yla-Bir-Araya-Geldi-1-150x101.jpg 150w, https:\/\/archive.sana.sy\/tr\/wp-content\/uploads\/2015\/06\/\u0130\u00e7i\u015fleri-Bakan\u0131-Hama-ve-\u0130dlib-Emniyet-M\u00fcd\u00fcrl\u00fckleri-Kadrolar\u0131yla-Bir-Araya-Geldi-1.jpg 500w\" sizes=\"auto, (max-width: 300px) 100vw, 300px\" \/><\/a>G\u00f6r\u00fc\u015fmede vatan ve egemenli\u011fini savunman\u0131n kutsal bir g\u00f6rev oldu\u011funu belirten \u0130\u00e7i\u015fleri Bakan\u0131; d\u0131\u015f ajandalarla Suriye&#8217;yi y\u0131kmaya \u00e7al\u0131\u015fan tekfirci ter\u00f6r\u00fcn bertaraf edilmesinin kan\u0131lmaz oldu\u011funu s\u00f6yledi. Bakan \u015eear d\u0131\u015f g\u00fc\u00e7lerin destekleriyle bir k\u0131s\u0131m b\u00f6lgelere giren ter\u00f6ristlerin ordu birlikleri, g\u00fcvenlik g\u00fc\u00e7leri ve onurlu halk\u0131n sayesinde bu topraklardan def edilece\u011fini, vatan topraklar\u0131n\u0131n her kar\u0131\u015f\u0131n\u0131n ter\u00f6r kirinden temizlenece\u011fini ifade etti.<\/p>\n<p>Vatan u\u011fruna canlar\u0131n\u0131 veren \u015fehitleri sayg\u0131 ve takdirle selamlayan \u0130\u00e7i\u015fleri Bakan\u0131 \u015eear; yaral\u0131lara da acil \u015fifalar temennilerinde bulundu.<\/p>\n<p>A.A. &#8211; M.M.<\/p>\n","protected":false},"excerpt":{"rendered":"<p>HAMA \u2013 \u0130\u00e7i\u015fleri Bakan\u0131 Muhammed el \u015eear d\u00fcn Hama\u2019da \u0130dlib ve Hama emniyet m\u00fcd\u00fcrl\u00fcklerinde polis subaylar\u0131 ve polislerle bir araya geldi. G\u00f6r\u00fc\u015fmede vatan ve egemenli\u011fini savunman\u0131n kutsal bir g\u00f6rev oldu\u011funu belirten \u0130\u00e7i\u015fleri Bakan\u0131; d\u0131\u015f ajandalarla Suriye&#8217;yi y\u0131kmaya \u00e7al\u0131\u015fan tekfirci ter\u00f6r\u00fcn bertaraf edilmesinin kan\u0131lmaz oldu\u011funu s\u00f6yledi. Bakan \u015eear d\u0131\u015f g\u00fc\u00e7lerin destekleriyle bir k\u0131s\u0131m b\u00f6lgelere giren ter\u00f6ristlerin &hellip;<\/p>\n","protected":false},"author":1,"featured_media":36642,"comment_status":"closed","ping_status":"closed","sticky":false,"template":"","format":"standard","meta":{"footnotes":""},"categories":[479,478],"tags":[15186],"class_list":["post-36637","post","type-post","status-publish","format-standard","has-post-thumbnail","","category-haberler-yerel","category-yerel","tag-icisleri-bakani-hama-ve-idlib-emniyet-mudurlukleri-kadrolariyla-bir-araya-geldi"],"_links":{"self":[{"href":"https:\/\/archive.sana.sy\/tr\/index.php?rest_route=\/wp\/v2\/posts\/36637","targetHints":{"allow":["GET"]}}],"collection":[{"href":"https:\/\/archive.sana.sy\/tr\/index.php?rest_route=\/wp\/v2\/posts"}],"about":[{"href":"https:\/\/archive.sana.sy\/tr\/index.php?rest_route=\/wp\/v2\/types\/post"}],"author":[{"embeddable":true,"href":"https:\/\/archive.sana.sy\/tr\/index.php?rest_route=\/wp\/v2\/users\/1"}],"replies":[{"embeddable":true,"href":"https:\/\/archive.sana.sy\/tr\/index.php?rest_route=%2Fwp%2Fv2%2Fcomments&post=36637"}],"version-history":[{"count":0,"href":"https:\/\/archive.sana.sy\/tr\/index.php?rest_route=\/wp\/v2\/posts\/36637\/revisions"}],"wp:featuredmedia":[{"embeddable":true,"href":"https:\/\/archive.sana.sy\/tr\/index.php?rest_route=\/wp\/v2\/media\/36642"}],"wp:attachment":[{"href":"https:\/\/archive.sana.sy\/tr\/index.php?rest_route=%2Fwp%2Fv2%2Fmedia&parent=36637"}],"wp:term":[{"taxonomy":"category","embeddable":true,"href":"https:\/\/archive.sana.sy\/tr\/index.php?rest_route=%2Fwp%2Fv2%2Fcategories&post=36637"},{"taxonomy":"post_tag","embeddable":true,"href":"https:\/\/archive.sana.sy\/tr\/index.php?rest_route=%2Fwp%2Fv2%2Ftags&post=36637"}],"curies":[{"name":"wp","href":"https:\/\/api.w.org\/{rel}","templated":true}]}}