{"id":36645,"date":"2015-06-12T20:18:05","date_gmt":"2015-06-12T17:18:05","guid":{"rendered":"http:\/\/sana.sy\/tr\/?p=36645"},"modified":"2015-06-12T20:18:05","modified_gmt":"2015-06-12T17:18:05","slug":"ordu-birliklerimiz-lubnan-direnis-gucleriyle-isbirligi-icinde-sam-kirsali-kalemun-bolgesinin-caracir-daglarinin-guneyinde-smeys-el-hisan-bolmesini-tekfirci-teroristlerden-temizleyerek-hakimiyeti-altin","status":"publish","type":"post","link":"https:\/\/archive.sana.sy\/tr\/?p=36645","title":{"rendered":"Ordu birliklerimiz L\u00fcbnan direni\u015f g\u00fc\u00e7leriyle i\u015fbirli\u011fi i\u00e7inde \u015eam k\u0131rsal\u0131 Kalemun B\u00f6lgesinin Caracir Da\u011flar\u0131n\u0131n g\u00fcneyinde \u015emeys el H\u0131san B\u00f6lmesini tekfirci ter\u00f6ristlerden temizleyerek hakimiyeti alt\u0131na ald\u0131\u200f"},"content":{"rendered":"<p>Ordu birliklerimiz L\u00fcbnan direni\u015f g\u00fc\u00e7leriyle i\u015fbirli\u011fi i\u00e7inde \u015eam k\u0131rsal\u0131 Kalemun B\u00f6lgesinin Caracir Da\u011flar\u0131n\u0131n g\u00fcneyinde \u015emeys el H\u0131san B\u00f6lmesini tekfirci ter\u00f6ristlerden temizleyerek hakimiyeti alt\u0131na ald\u0131\u200f<\/p>\n","protected":false},"excerpt":{"rendered":"<p>Ordu birliklerimiz L\u00fcbnan direni\u015f g\u00fc\u00e7leriyle i\u015fbirli\u011fi i\u00e7inde \u015eam k\u0131rsal\u0131 Kalemun B\u00f6lgesinin Caracir Da\u011flar\u0131n\u0131n g\u00fcneyinde \u015emeys el H\u0131san B\u00f6lmesini tekfirci ter\u00f6ristlerden temizleyerek hakimiyeti alt\u0131na ald\u0131\u200f<\/p>\n","protected":false},"author":1,"featured_media":0,"comment_status":"closed","ping_status":"closed","sticky":false,"template":"","format":"standard","meta":{"footnotes":""},"categories":[1],"tags":[],"class_list":["post-36645","post","type-post","status-publish","format-standard","","category-news-not-sorted"],"_links":{"self":[{"href":"https:\/\/archive.sana.sy\/tr\/index.php?rest_route=\/wp\/v2\/posts\/36645","targetHints":{"allow":["GET"]}}],"collection":[{"href":"https:\/\/archive.sana.sy\/tr\/index.php?rest_route=\/wp\/v2\/posts"}],"about":[{"href":"https:\/\/archive.sana.sy\/tr\/index.php?rest_route=\/wp\/v2\/types\/post"}],"author":[{"embeddable":true,"href":"https:\/\/archive.sana.sy\/tr\/index.php?rest_route=\/wp\/v2\/users\/1"}],"replies":[{"embeddable":true,"href":"https:\/\/archive.sana.sy\/tr\/index.php?rest_route=%2Fwp%2Fv2%2Fcomments&post=36645"}],"version-history":[{"count":0,"href":"https:\/\/archive.sana.sy\/tr\/index.php?rest_route=\/wp\/v2\/posts\/36645\/revisions"}],"wp:attachment":[{"href":"https:\/\/archive.sana.sy\/tr\/index.php?rest_route=%2Fwp%2Fv2%2Fmedia&parent=36645"}],"wp:term":[{"taxonomy":"category","embeddable":true,"href":"https:\/\/archive.sana.sy\/tr\/index.php?rest_route=%2Fwp%2Fv2%2Fcategories&post=36645"},{"taxonomy":"post_tag","embeddable":true,"href":"https:\/\/archive.sana.sy\/tr\/index.php?rest_route=%2Fwp%2Fv2%2Ftags&post=36645"}],"curies":[{"name":"wp","href":"https:\/\/api.w.org\/{rel}","templated":true}]}}