{"id":36662,"date":"2015-06-12T21:03:21","date_gmt":"2015-06-12T18:03:21","guid":{"rendered":"http:\/\/sana.sy\/tr\/?p=36662"},"modified":"2015-06-12T21:06:32","modified_gmt":"2015-06-12T18:06:32","slug":"calistay-suriyelileri-bir-arada-tutan-temel-ilkeler-uzerinde-yogunlasti","status":"publish","type":"post","link":"https:\/\/archive.sana.sy\/tr\/?p=36662","title":{"rendered":"\u00c7al\u0131\u015ftay Suriyelileri Bir Arada Tutan Temel \u0130lkeler \u00dczerinde Yo\u011funla\u015ft\u0131"},"content":{"rendered":"<p>\u015eAM \u2013 \u015eam \u00dcniversitesi Konferans Salonunda bug\u00fcn \u201cBizim S\u00f6z\u00fcm\u00fcz\u201d ba\u015fl\u0131\u011f\u0131 alt\u0131nda d\u00fczenlenen \u00e7al\u0131\u015ftay kat\u0131l\u0131mc\u0131lar\u0131 b\u00fct\u00fcn Suriyelileri bir araya getiren ve komplolar kar\u015f\u0131s\u0131nda daha g\u00fc\u00e7l\u00fc bir duru\u015f sergilenmesinin temelinde yatan ilkeler \u00fczerinde yo\u011funla\u015ft\u0131lar.<\/p>\n<p>Bu ilkelerin Suriyelileri birbirine s\u0131ms\u0131k\u0131 ba\u011flayarak ve par\u00e7alanamaz bir b\u00fct\u00fcn haline getirdi\u011fini dile getiren kat\u0131l\u0131mc\u0131lar bu ilkelerin ayn\u0131 zamanda vatan\u0131n kurtulu\u015fu, kalk\u0131nmas\u0131 ve b\u00fct\u00fcnl\u00fc\u011f\u00fcn\u00fcn en b\u00fcy\u00fck g\u00fcvencesi oldu\u011funu vurgulad\u0131lar.<\/p>\n<p>Halk Meclisi \u00dcyesi Mariya Saade \u00e7al\u0131\u015ftayda yapt\u0131\u011f\u0131 konu\u015fmada, Suriye\u2019nin maruz kald\u0131\u011f\u0131 sava\u015f\u0131n her \u015feyden \u00f6nce toplumsal altyap\u0131y\u0131 hedef ald\u0131\u011f\u0131na i\u015faret ederek bu nedenle b\u00fct\u00fcn aktif \u00e7abalar\u0131n devlet ile toplum aras\u0131ndaki ba\u011flar\u0131n g\u00fc\u00e7lendirilmesi ve peki\u015ftirilmesine kanalize edilmesi gerekti\u011fini dile getirdi.<\/p>\n<p>\u015eam \u00dcniversitesi Hukuk Fak\u00fcltesinde Do\u00e7ent \u0130sam el Tekruri ise yapt\u0131\u011f\u0131 konu\u015fmada, ter\u00f6re kar\u015f\u0131 m\u00fccadelede i\u00e7 cephenin g\u00fc\u00e7lendirilmesi gere\u011fine dikkat \u00e7ekti.<\/p>\n<p>Bilinece\u011fi \u00fczere \u00e7al\u0131\u015ftay kapsam\u0131nda iki g\u00fcn s\u00fcresince Devlet Mefhumu, D\u0131\u015f M\u00fcdahaleye Kar\u015f\u0131 M\u00fccadelede Toplumun Rol\u00fc tart\u0131\u015f\u0131lacak.<\/p>\n<div id='gallery-1' class='gallery galleryid-36662 gallery-columns-2 gallery-size-medium'><figure class='gallery-item'>\n\t\t\t<div class='gallery-icon landscape'>\n\t\t\t\t<a href='https:\/\/archive.sana.sy\/tr\/wp-content\/uploads\/2015\/06\/\u015fam-11.jpg'><img loading=\"lazy\" decoding=\"async\" width=\"300\" height=\"184\" src=\"https:\/\/archive.sana.sy\/tr\/wp-content\/uploads\/2015\/06\/\u015fam-11-300x184.jpg\" class=\"attachment-medium size-medium\" alt=\"\" srcset=\"https:\/\/archive.sana.sy\/tr\/wp-content\/uploads\/2015\/06\/\u015fam-11-300x184.jpg 300w, https:\/\/archive.sana.sy\/tr\/wp-content\/uploads\/2015\/06\/\u015fam-11-150x92.jpg 150w, https:\/\/archive.sana.sy\/tr\/wp-content\/uploads\/2015\/06\/\u015fam-11.jpg 500w\" sizes=\"auto, (max-width: 300px) 100vw, 300px\" \/><\/a>\n\t\t\t<\/div><\/figure><figure class='gallery-item'>\n\t\t\t<div class='gallery-icon landscape'>\n\t\t\t\t<a href='https:\/\/archive.sana.sy\/tr\/wp-content\/uploads\/2015\/06\/\u015fam-21.jpg'><img loading=\"lazy\" decoding=\"async\" width=\"300\" height=\"176\" src=\"https:\/\/archive.sana.sy\/tr\/wp-content\/uploads\/2015\/06\/\u015fam-21-300x176.jpg\" class=\"attachment-medium size-medium\" alt=\"\" srcset=\"https:\/\/archive.sana.sy\/tr\/wp-content\/uploads\/2015\/06\/\u015fam-21-300x176.jpg 300w, https:\/\/archive.sana.sy\/tr\/wp-content\/uploads\/2015\/06\/\u015fam-21-150x88.jpg 150w, https:\/\/archive.sana.sy\/tr\/wp-content\/uploads\/2015\/06\/\u015fam-21.jpg 500w\" sizes=\"auto, (max-width: 300px) 100vw, 300px\" \/><\/a>\n\t\t\t<\/div><\/figure><figure class='gallery-item'>\n\t\t\t<div class='gallery-icon landscape'>\n\t\t\t\t<a href='https:\/\/archive.sana.sy\/tr\/wp-content\/uploads\/2015\/06\/\u015fam-3.jpg'><img loading=\"lazy\" decoding=\"async\" width=\"300\" height=\"184\" src=\"https:\/\/archive.sana.sy\/tr\/wp-content\/uploads\/2015\/06\/\u015fam-3-300x184.jpg\" class=\"attachment-medium size-medium\" alt=\"\" srcset=\"https:\/\/archive.sana.sy\/tr\/wp-content\/uploads\/2015\/06\/\u015fam-3-300x184.jpg 300w, https:\/\/archive.sana.sy\/tr\/wp-content\/uploads\/2015\/06\/\u015fam-3-150x92.jpg 150w, https:\/\/archive.sana.sy\/tr\/wp-content\/uploads\/2015\/06\/\u015fam-3.jpg 500w\" sizes=\"auto, (max-width: 300px) 100vw, 300px\" \/><\/a>\n\t\t\t<\/div><\/figure><figure class='gallery-item'>\n\t\t\t<div class='gallery-icon landscape'>\n\t\t\t\t<a href='https:\/\/archive.sana.sy\/tr\/wp-content\/uploads\/2015\/06\/\u015fam-4.jpg'><img loading=\"lazy\" decoding=\"async\" width=\"300\" height=\"200\" src=\"https:\/\/archive.sana.sy\/tr\/wp-content\/uploads\/2015\/06\/\u015fam-4-300x200.jpg\" class=\"attachment-medium size-medium\" alt=\"\" srcset=\"https:\/\/archive.sana.sy\/tr\/wp-content\/uploads\/2015\/06\/\u015fam-4-300x200.jpg 300w, https:\/\/archive.sana.sy\/tr\/wp-content\/uploads\/2015\/06\/\u015fam-4-150x100.jpg 150w, https:\/\/archive.sana.sy\/tr\/wp-content\/uploads\/2015\/06\/\u015fam-4.jpg 500w\" sizes=\"auto, (max-width: 300px) 100vw, 300px\" \/><\/a>\n\t\t\t<\/div><\/figure>\n\t\t<\/div>\n\n<p>F.B. &#8211; M.M.<\/p>\n","protected":false},"excerpt":{"rendered":"<p>\u015eAM \u2013 \u015eam \u00dcniversitesi Konferans Salonunda bug\u00fcn \u201cBizim S\u00f6z\u00fcm\u00fcz\u201d ba\u015fl\u0131\u011f\u0131 alt\u0131nda d\u00fczenlenen \u00e7al\u0131\u015ftay kat\u0131l\u0131mc\u0131lar\u0131 b\u00fct\u00fcn Suriyelileri bir araya getiren ve komplolar kar\u015f\u0131s\u0131nda daha g\u00fc\u00e7l\u00fc bir duru\u015f sergilenmesinin temelinde yatan ilkeler \u00fczerinde yo\u011funla\u015ft\u0131lar. Bu ilkelerin Suriyelileri birbirine s\u0131ms\u0131k\u0131 ba\u011flayarak ve par\u00e7alanamaz bir b\u00fct\u00fcn haline getirdi\u011fini dile getiren kat\u0131l\u0131mc\u0131lar bu ilkelerin ayn\u0131 zamanda vatan\u0131n kurtulu\u015fu, kalk\u0131nmas\u0131 ve &hellip;<\/p>\n","protected":false},"author":1,"featured_media":36664,"comment_status":"closed","ping_status":"closed","sticky":false,"template":"","format":"standard","meta":{"footnotes":""},"categories":[596,479,478],"tags":[15188],"class_list":["post-36662","post","type-post","status-publish","format-standard","has-post-thumbnail","","category-fotografli-raporlar","category-haberler-yerel","category-yerel","tag-calistay-suriyelileri-bir-arada-tutan-temel-ilkeler-uzerinde-yogunlasti"],"_links":{"self":[{"href":"https:\/\/archive.sana.sy\/tr\/index.php?rest_route=\/wp\/v2\/posts\/36662","targetHints":{"allow":["GET"]}}],"collection":[{"href":"https:\/\/archive.sana.sy\/tr\/index.php?rest_route=\/wp\/v2\/posts"}],"about":[{"href":"https:\/\/archive.sana.sy\/tr\/index.php?rest_route=\/wp\/v2\/types\/post"}],"author":[{"embeddable":true,"href":"https:\/\/archive.sana.sy\/tr\/index.php?rest_route=\/wp\/v2\/users\/1"}],"replies":[{"embeddable":true,"href":"https:\/\/archive.sana.sy\/tr\/index.php?rest_route=%2Fwp%2Fv2%2Fcomments&post=36662"}],"version-history":[{"count":0,"href":"https:\/\/archive.sana.sy\/tr\/index.php?rest_route=\/wp\/v2\/posts\/36662\/revisions"}],"wp:featuredmedia":[{"embeddable":true,"href":"https:\/\/archive.sana.sy\/tr\/index.php?rest_route=\/wp\/v2\/media\/36664"}],"wp:attachment":[{"href":"https:\/\/archive.sana.sy\/tr\/index.php?rest_route=%2Fwp%2Fv2%2Fmedia&parent=36662"}],"wp:term":[{"taxonomy":"category","embeddable":true,"href":"https:\/\/archive.sana.sy\/tr\/index.php?rest_route=%2Fwp%2Fv2%2Fcategories&post=36662"},{"taxonomy":"post_tag","embeddable":true,"href":"https:\/\/archive.sana.sy\/tr\/index.php?rest_route=%2Fwp%2Fv2%2Ftags&post=36662"}],"curies":[{"name":"wp","href":"https:\/\/api.w.org\/{rel}","templated":true}]}}