{"id":3667,"date":"2014-06-23T10:20:33","date_gmt":"2014-06-23T07:20:33","guid":{"rendered":"http:\/\/www.sana.sy\/tr\/?p=3667"},"modified":"2014-06-24T00:48:04","modified_gmt":"2014-06-23T21:48:04","slug":"terore-karsi-yazilan-destanlar-gelecek-nesillere-miras-olacak","status":"publish","type":"post","link":"https:\/\/archive.sana.sy\/tr\/?p=3667","title":{"rendered":"Ter\u00f6re Kar\u015f\u0131 Yaz\u0131lan Destanlar Gelecek Nesillere Miras Olacak"},"content":{"rendered":"<p><span style=\"color: #800000\">\u0130LLER \u2013<\/span> Bug\u00fcne kadar vatan\u0131 korumada hi\u00e7bir g\u00fcce boyun e\u011fmeyen kahraman birliklerimiz d\u00fcnyan\u0131n en g\u00fc\u00e7l\u00fc g\u00f6r\u00fcnen devletlerden finans ve silah yard\u0131m\u0131 alan ter\u00f6ristleri emsali g\u00f6r\u00fclmemi\u015f bir hezimete u\u011fratarak d\u00fcnya kamuoyunda vatanseverlik ve onurun timsali olmay\u0131 ba\u015fard\u0131lar.<\/p>\n<p><span style=\"color: #0000ff\">Halep ve K\u0131rsal\u0131nda Ter\u00f6re Kar\u015f\u0131 Operasyonlar Amans\u0131z S\u00fcr\u00fcyor<\/span><\/p>\n<p>Askeri bir kaynak ordu birliklerimizin Halep ve k\u0131rsal\u0131nda eski Halep semtleri, Hreytan, Smeyriye, Deyr Cemmal, Beyanun, Ezaz, Ekarda, Zarat, Hanano, \u0130zeyza, Mansura, \u015eeyh Sait, Etarib, Anedan, Kefar Hamra, Cendul, Helk ve Zibdiye b\u00f6lgelerinde ter\u00f6r yuvalar\u0131 ve karargahlar\u0131n\u0131 nitelikli operasyonlarla hedef ald\u0131klar\u0131n\u0131 belirtti.<\/p>\n<p>Kaynak operasyonlarda aralar\u0131nda yabanc\u0131lar\u0131n bulundu\u011fu y\u00fcksek say\u0131da ter\u00f6ristin ara\u00e7 ve silahlar\u0131yla etkisiz hale getirildiklerini s\u00f6yledi.<\/p>\n<p><span style=\"color: #0000ff\">Homs K\u0131rsal\u0131nda Say\u0131 ve Te\u00e7hizatlar\u0131yla A\u011f\u0131r Kay\u0131plar Verdiler<\/span><\/p>\n<p>Vatan koruyucular\u0131 ordu birliklerimiz Homs k\u0131rsal\u0131n\u0131n Hrab K\u00f6pr\u00fcs\u00fc yak\u0131nlar\u0131, Vaer ve tar\u0131m arazileri, Um \u015ear\u015fuh, Nekab \u00c7iftli\u011fi, Hurbinafso, Saen, el Cezl petrol kuyusu yak\u0131nlar\u0131 ve daha ba\u015fka b\u00f6lgelerde ter\u00f6ristlerin k\u00fcmelenme yerlerini hedef ald\u0131.<\/p>\n<p>Askeri kaynak operasyonlarda ter\u00f6r gruplar\u0131n\u0131n say\u0131 ve te\u00e7hizatlar\u0131yla b\u00fcy\u00fck kay\u0131plara u\u011frat\u0131ld\u0131klar\u0131n\u0131 aktard\u0131.<\/p>\n<p><span style=\"color: #0000ff\">\u0130dlib K\u0131rsal\u0131nda Ara\u00e7lar\u0131 Kullan\u0131c\u0131lar\u0131yla Birlikte \u0130mha Edildi<\/span><\/p>\n<p>Vatan koruyucular\u0131m\u0131z \u0130dlib k\u0131rsal\u0131n\u0131n Ermenaz Beldesi yak\u0131nlar\u0131nda ter\u00f6ristlerin bir kararfah\u0131n\u0131 muhtevalar\u0131yla imha ederken, \u00e7ok say\u0131da ter\u00f6ristle birlikte bir k\u0131sm\u0131 a\u011f\u0131r makineli silahlarla donat\u0131lm\u0131\u015f bir\u00e7ok ara\u00e7lar\u0131n\u0131 da kullan\u0131c\u0131lar\u0131yla birlikte imha etti.<\/p>\n<p>Ordu birliklerimiz Sermin Beldesi yak\u0131nlar\u0131nda ise kendilerine \u2018Ahrar el \u015eam \u00d6rg\u00fct\u00fc\u2019 ad\u0131n\u0131 veren ter\u00f6r olu\u015fumunun bir karargah\u0131n\u0131 hedef alarak \u00e7ok say\u0131da ter\u00f6risti ara\u00e7lar\u0131yla birlikte etkisiz hale getirdi.<\/p>\n<p>\u0130dlib k\u0131rsal\u0131n\u0131n Cebel el Arbain civar\u0131, Kefar Lata, Kefar necd, Konserve yak\u0131nlar\u0131 ve Ayn \u015eiyb\u2019in bat\u0131s\u0131nda ter\u00f6ristlerin k\u00fcmelenme yerlerini hedef alan ordu birliklerimiz aralar\u0131nda yabanc\u0131lar\u0131n bulundu\u011fu \u00e7ok say\u0131da ter\u00f6risti \u00f6l\u00fc yaral\u0131 d\u00fc\u015f\u00fcrd\u00fc.<\/p>\n","protected":false},"excerpt":{"rendered":"<p>\u0130LLER \u2013 Bug\u00fcne kadar vatan\u0131 korumada hi\u00e7bir g\u00fcce boyun e\u011fmeyen kahraman birliklerimiz d\u00fcnyan\u0131n en g\u00fc\u00e7l\u00fc g\u00f6r\u00fcnen devletlerden finans ve silah yard\u0131m\u0131 alan ter\u00f6ristleri emsali g\u00f6r\u00fclmemi\u015f bir hezimete u\u011fratarak d\u00fcnya kamuoyunda vatanseverlik ve onurun timsali olmay\u0131 ba\u015fard\u0131lar. Halep ve K\u0131rsal\u0131nda Ter\u00f6re Kar\u015f\u0131 Operasyonlar Amans\u0131z S\u00fcr\u00fcyor Askeri bir kaynak ordu birliklerimizin Halep ve k\u0131rsal\u0131nda eski Halep semtleri, &hellip;<\/p>\n","protected":false},"author":1,"featured_media":3668,"comment_status":"closed","ping_status":"closed","sticky":false,"template":"","format":"standard","meta":{"footnotes":""},"categories":[479,575,478],"tags":[801],"class_list":["post-3667","post","type-post","status-publish","format-standard","has-post-thumbnail","","category-haberler-yerel","category-olaylar-ve-gercekler","category-yerel","tag-terore-karsi-yazilan-destanlar-gelecek-nesillere-miras-olacak"],"_links":{"self":[{"href":"https:\/\/archive.sana.sy\/tr\/index.php?rest_route=\/wp\/v2\/posts\/3667","targetHints":{"allow":["GET"]}}],"collection":[{"href":"https:\/\/archive.sana.sy\/tr\/index.php?rest_route=\/wp\/v2\/posts"}],"about":[{"href":"https:\/\/archive.sana.sy\/tr\/index.php?rest_route=\/wp\/v2\/types\/post"}],"author":[{"embeddable":true,"href":"https:\/\/archive.sana.sy\/tr\/index.php?rest_route=\/wp\/v2\/users\/1"}],"replies":[{"embeddable":true,"href":"https:\/\/archive.sana.sy\/tr\/index.php?rest_route=%2Fwp%2Fv2%2Fcomments&post=3667"}],"version-history":[{"count":0,"href":"https:\/\/archive.sana.sy\/tr\/index.php?rest_route=\/wp\/v2\/posts\/3667\/revisions"}],"wp:featuredmedia":[{"embeddable":true,"href":"https:\/\/archive.sana.sy\/tr\/index.php?rest_route=\/wp\/v2\/media\/3668"}],"wp:attachment":[{"href":"https:\/\/archive.sana.sy\/tr\/index.php?rest_route=%2Fwp%2Fv2%2Fmedia&parent=3667"}],"wp:term":[{"taxonomy":"category","embeddable":true,"href":"https:\/\/archive.sana.sy\/tr\/index.php?rest_route=%2Fwp%2Fv2%2Fcategories&post=3667"},{"taxonomy":"post_tag","embeddable":true,"href":"https:\/\/archive.sana.sy\/tr\/index.php?rest_route=%2Fwp%2Fv2%2Ftags&post=3667"}],"curies":[{"name":"wp","href":"https:\/\/api.w.org\/{rel}","templated":true}]}}