{"id":36673,"date":"2015-06-13T09:51:11","date_gmt":"2015-06-13T06:51:11","guid":{"rendered":"http:\/\/sana.sy\/tr\/?p=36673"},"modified":"2015-06-13T17:25:38","modified_gmt":"2015-06-13T14:25:38","slug":"trafik-ve-tasit-kanununu-yeniden-duzenleyen-kanun-onaylandi","status":"publish","type":"post","link":"https:\/\/archive.sana.sy\/tr\/?p=36673","title":{"rendered":"Trafik ve Ta\u015f\u0131t Kanununu Yeniden D\u00fczenleyen Kanun Onayland\u0131"},"content":{"rendered":"<p>\u015eAM &#8211; Cumhurba\u015fkan\u0131 Be\u015f\u015far el Esad, 2004 y\u0131l\u0131 31 nolu trafik ve ta\u015f\u0131t kanunu 96 ve 180 nolu maddelerini d\u00fczenleyen 2015 y\u0131l\u0131 4 nolu kanunu onaylad\u0131.<\/p>\n<p>Yeni yasaya g\u00f6re ta\u015f\u0131t sahipleri, ildeki Ula\u015ft\u0131rma M\u00fcd\u00fcrl\u00fc\u011f\u00fcne, zarar sonu\u00e7lar\u0131n\u0131n kendisine ula\u015fmas\u0131ndan 5 g\u00fcn sonra, arac\u0131 hakk\u0131ndaki teknik testlerin sonu\u00e7lar\u0131na itiraz etme hakk\u0131na sahip olacak.<\/p>\n<p>S.\u015e<\/p>\n","protected":false},"excerpt":{"rendered":"<p>\u015eAM &#8211; Cumhurba\u015fkan\u0131 Be\u015f\u015far el Esad, 2004 y\u0131l\u0131 31 nolu trafik ve ta\u015f\u0131t kanunu 96 ve 180 nolu maddelerini d\u00fczenleyen 2015 y\u0131l\u0131 4 nolu kanunu onaylad\u0131. Yeni yasaya g\u00f6re ta\u015f\u0131t sahipleri, ildeki Ula\u015ft\u0131rma M\u00fcd\u00fcrl\u00fc\u011f\u00fcne, zarar sonu\u00e7lar\u0131n\u0131n kendisine ula\u015fmas\u0131ndan 5 g\u00fcn sonra, arac\u0131 hakk\u0131ndaki teknik testlerin sonu\u00e7lar\u0131na itiraz etme hakk\u0131na sahip olacak. S.\u015e<\/p>\n","protected":false},"author":1,"featured_media":36676,"comment_status":"closed","ping_status":"closed","sticky":false,"template":"","format":"standard","meta":{"footnotes":""},"categories":[479,605,612,599,478],"tags":[15189],"class_list":["post-36673","post","type-post","status-publish","format-standard","has-post-thumbnail","","category-haberler-yerel","category-sayin-cumhurbaskani","category-yasama-kararnameler","category-yasama-ve-kanunlar","category-yerel","tag-trafik-ve-tasit-kanununu-yeniden-duzenleyen-kanun-onaylandi"],"_links":{"self":[{"href":"https:\/\/archive.sana.sy\/tr\/index.php?rest_route=\/wp\/v2\/posts\/36673","targetHints":{"allow":["GET"]}}],"collection":[{"href":"https:\/\/archive.sana.sy\/tr\/index.php?rest_route=\/wp\/v2\/posts"}],"about":[{"href":"https:\/\/archive.sana.sy\/tr\/index.php?rest_route=\/wp\/v2\/types\/post"}],"author":[{"embeddable":true,"href":"https:\/\/archive.sana.sy\/tr\/index.php?rest_route=\/wp\/v2\/users\/1"}],"replies":[{"embeddable":true,"href":"https:\/\/archive.sana.sy\/tr\/index.php?rest_route=%2Fwp%2Fv2%2Fcomments&post=36673"}],"version-history":[{"count":0,"href":"https:\/\/archive.sana.sy\/tr\/index.php?rest_route=\/wp\/v2\/posts\/36673\/revisions"}],"wp:featuredmedia":[{"embeddable":true,"href":"https:\/\/archive.sana.sy\/tr\/index.php?rest_route=\/wp\/v2\/media\/36676"}],"wp:attachment":[{"href":"https:\/\/archive.sana.sy\/tr\/index.php?rest_route=%2Fwp%2Fv2%2Fmedia&parent=36673"}],"wp:term":[{"taxonomy":"category","embeddable":true,"href":"https:\/\/archive.sana.sy\/tr\/index.php?rest_route=%2Fwp%2Fv2%2Fcategories&post=36673"},{"taxonomy":"post_tag","embeddable":true,"href":"https:\/\/archive.sana.sy\/tr\/index.php?rest_route=%2Fwp%2Fv2%2Ftags&post=36673"}],"curies":[{"name":"wp","href":"https:\/\/api.w.org\/{rel}","templated":true}]}}