{"id":36696,"date":"2015-06-13T10:35:55","date_gmt":"2015-06-13T07:35:55","guid":{"rendered":"http:\/\/sana.sy\/tr\/?p=36696"},"modified":"2015-06-13T10:35:55","modified_gmt":"2015-06-13T07:35:55","slug":"askeri-kaynak-ordu-birliklerimizin-homs-dogu-kirsali-rahum-koyunde-isid-orgutunden-teroristleri-oldurduklerini-belirtti","status":"publish","type":"post","link":"https:\/\/archive.sana.sy\/tr\/?p=36696","title":{"rendered":"Askeri kaynak, ordu birliklerimizin Homs do\u011fu k\u0131rsal\u0131 Rahum K\u00f6y\u00fcnde \u201cI\u015e\u0130D\u201d \u00f6rg\u00fct\u00fcnden ter\u00f6ristleri \u00f6ld\u00fcrd\u00fcklerini belirtti."},"content":{"rendered":"<p>Askeri kaynak, ordu birliklerimizin Homs do\u011fu k\u0131rsal\u0131 Rahum K\u00f6y\u00fcnde \u201cI\u015e\u0130D\u201d \u00f6rg\u00fct\u00fcnden ter\u00f6ristleri \u00f6ld\u00fcrd\u00fcklerini belirtti.<\/p>\n","protected":false},"excerpt":{"rendered":"<p>Askeri kaynak, ordu birliklerimizin Homs do\u011fu k\u0131rsal\u0131 Rahum K\u00f6y\u00fcnde \u201cI\u015e\u0130D\u201d \u00f6rg\u00fct\u00fcnden ter\u00f6ristleri \u00f6ld\u00fcrd\u00fcklerini belirtti.<\/p>\n","protected":false},"author":1,"featured_media":0,"comment_status":"closed","ping_status":"closed","sticky":false,"template":"","format":"standard","meta":{"footnotes":""},"categories":[1],"tags":[],"class_list":["post-36696","post","type-post","status-publish","format-standard","","category-news-not-sorted"],"_links":{"self":[{"href":"https:\/\/archive.sana.sy\/tr\/index.php?rest_route=\/wp\/v2\/posts\/36696","targetHints":{"allow":["GET"]}}],"collection":[{"href":"https:\/\/archive.sana.sy\/tr\/index.php?rest_route=\/wp\/v2\/posts"}],"about":[{"href":"https:\/\/archive.sana.sy\/tr\/index.php?rest_route=\/wp\/v2\/types\/post"}],"author":[{"embeddable":true,"href":"https:\/\/archive.sana.sy\/tr\/index.php?rest_route=\/wp\/v2\/users\/1"}],"replies":[{"embeddable":true,"href":"https:\/\/archive.sana.sy\/tr\/index.php?rest_route=%2Fwp%2Fv2%2Fcomments&post=36696"}],"version-history":[{"count":0,"href":"https:\/\/archive.sana.sy\/tr\/index.php?rest_route=\/wp\/v2\/posts\/36696\/revisions"}],"wp:attachment":[{"href":"https:\/\/archive.sana.sy\/tr\/index.php?rest_route=%2Fwp%2Fv2%2Fmedia&parent=36696"}],"wp:term":[{"taxonomy":"category","embeddable":true,"href":"https:\/\/archive.sana.sy\/tr\/index.php?rest_route=%2Fwp%2Fv2%2Fcategories&post=36696"},{"taxonomy":"post_tag","embeddable":true,"href":"https:\/\/archive.sana.sy\/tr\/index.php?rest_route=%2Fwp%2Fv2%2Ftags&post=36696"}],"curies":[{"name":"wp","href":"https:\/\/api.w.org\/{rel}","templated":true}]}}