{"id":36698,"date":"2015-06-13T10:42:14","date_gmt":"2015-06-13T07:42:14","guid":{"rendered":"http:\/\/sana.sy\/tr\/?p=36698"},"modified":"2015-06-13T10:40:36","modified_gmt":"2015-06-13T07:40:36","slug":"askeri-kaynak-suriye-arap-ordusu-hava-silahli-deyrezzor-kirsali-mreiye-ve-huveycet-el-mreiyede-isid-orgutunden-teroristler-oldurduklerini-bazi-araclarini-da-imha-ettiklerin","status":"publish","type":"post","link":"https:\/\/archive.sana.sy\/tr\/?p=36698","title":{"rendered":"Askeri kaynak, Suriye Arap ordusu hava silah\u0131 Deyrezzor k\u0131rsal\u0131 Mre\u2019iye ve Huveycet el Mre\u2019iye\u2019de I\u015e\u0130D \u00f6rg\u00fct\u00fcnden ter\u00f6ristler \u00f6ld\u00fcrd\u00fcklerini baz\u0131 ara\u00e7lar\u0131n\u0131 da imha ettiklerini s\u00f6yledi."},"content":{"rendered":"<p>Askeri kaynak, Suriye Arap ordusu hava silah\u0131 Deyrezzor k\u0131rsal\u0131 Mre\u2019iye ve Huveycet el Mre\u2019iye\u2019de I\u015e\u0130D \u00f6rg\u00fct\u00fcnden ter\u00f6ristler \u00f6ld\u00fcrd\u00fcklerini baz\u0131 ara\u00e7lar\u0131n\u0131 da imha ettiklerini s\u00f6yledi.<\/p>\n","protected":false},"excerpt":{"rendered":"<p>Askeri kaynak, Suriye Arap ordusu hava silah\u0131 Deyrezzor k\u0131rsal\u0131 Mre\u2019iye ve Huveycet el Mre\u2019iye\u2019de I\u015e\u0130D \u00f6rg\u00fct\u00fcnden ter\u00f6ristler \u00f6ld\u00fcrd\u00fcklerini baz\u0131 ara\u00e7lar\u0131n\u0131 da imha ettiklerini s\u00f6yledi.<\/p>\n","protected":false},"author":1,"featured_media":0,"comment_status":"closed","ping_status":"closed","sticky":false,"template":"","format":"standard","meta":{"footnotes":""},"categories":[1],"tags":[1031,15192],"class_list":["post-36698","post","type-post","status-publish","format-standard","","category-news-not-sorted","tag-askeri-kaynak","tag-suriye-arap-ordusu-hava-silahli-deyrezzor-kirsali-mreiye-ve-huveycet-el-mreiyede-isid-orgutunden-teroristler-oldurduklerini-bazi-araclarini-da-imha-ettiklerini-soyledi"],"_links":{"self":[{"href":"https:\/\/archive.sana.sy\/tr\/index.php?rest_route=\/wp\/v2\/posts\/36698","targetHints":{"allow":["GET"]}}],"collection":[{"href":"https:\/\/archive.sana.sy\/tr\/index.php?rest_route=\/wp\/v2\/posts"}],"about":[{"href":"https:\/\/archive.sana.sy\/tr\/index.php?rest_route=\/wp\/v2\/types\/post"}],"author":[{"embeddable":true,"href":"https:\/\/archive.sana.sy\/tr\/index.php?rest_route=\/wp\/v2\/users\/1"}],"replies":[{"embeddable":true,"href":"https:\/\/archive.sana.sy\/tr\/index.php?rest_route=%2Fwp%2Fv2%2Fcomments&post=36698"}],"version-history":[{"count":0,"href":"https:\/\/archive.sana.sy\/tr\/index.php?rest_route=\/wp\/v2\/posts\/36698\/revisions"}],"wp:attachment":[{"href":"https:\/\/archive.sana.sy\/tr\/index.php?rest_route=%2Fwp%2Fv2%2Fmedia&parent=36698"}],"wp:term":[{"taxonomy":"category","embeddable":true,"href":"https:\/\/archive.sana.sy\/tr\/index.php?rest_route=%2Fwp%2Fv2%2Fcategories&post=36698"},{"taxonomy":"post_tag","embeddable":true,"href":"https:\/\/archive.sana.sy\/tr\/index.php?rest_route=%2Fwp%2Fv2%2Ftags&post=36698"}],"curies":[{"name":"wp","href":"https:\/\/api.w.org\/{rel}","templated":true}]}}