{"id":36704,"date":"2015-06-13T11:49:11","date_gmt":"2015-06-13T08:49:11","guid":{"rendered":"http:\/\/sana.sy\/tr\/?p=36704"},"modified":"2015-06-13T12:07:00","modified_gmt":"2015-06-13T09:07:00","slug":"suriyede-baris-icin-antakya-dua-ediyor-maarrat-saydnaya-suryani-mar-efram-manastirinda-ayin","status":"publish","type":"post","link":"https:\/\/archive.sana.sy\/tr\/?p=36704","title":{"rendered":"Suriye\u2019de Bar\u0131\u015f \u0130\u00e7in \u201cAntakya Dua Ediyor\u201d Maarrat Saydnaya S\u00fcryani Mar Efram Manast\u0131r\u0131nda Ayin"},"content":{"rendered":"<p>\u015eAM KIRSALI \u2013 \u015eam K\u0131rsal\u0131 Maarrat Saydnaya\u2019da S\u00fcryani Mar Efram Manast\u0131r\u0131ndaki Mar Butros ve Mar Paul Katedralinde bug\u00fcn, Antakya ve T\u00fcm Do\u011fu ile D\u00fcnya Ortodoks S\u00fcryani Kilisesi Y\u00fcksek Ba\u015fkan\u0131 Patrik Mar \u0130gnatius II. Efram, Antakya ve T\u00fcm Do\u011fu Rum Ortodoks Patri\u011fi X. Yuhanna Yaz\u0131c\u0131, Antakya ve T\u00fcm Do\u011fu Rum Katolik Melkite Patri\u011fi Gregorios III. Lahham ve Katolik S\u00fcryani Patri\u011fi Mar \u0130gnatius III. Yusuf Yunan\u2019\u0131n ba\u015fkanl\u0131k ettikleri, Suriye\u2019de Bar\u0131\u015f \u0130\u00e7in \u201cAntakya Dua Ediyor\u201d ayini d\u00fczenlendi.<\/p>\n<p>S\u00f6z konusu ayin, ge\u00e7en Pazartesi g\u00fcn\u00fcnden itibaren Mar \u0130gnatius II. Efram ba\u015fkanl\u0131\u011f\u0131nda Mar S\u00fcryani Efram Manast\u0131r\u0131nda ba\u015flayan ve bug\u00fcn sona erecek olan kapal\u0131 oturumlar d\u00fczenleyen S\u00fcryani Ortodoks toplant\u0131lar\u0131 kapsam\u0131nda geliyor.<\/p>\n<p>Patrikler huzurunda bug\u00fcn ak\u015fam Sifo \u015eehitlerine adanan ayin d\u00fczenlenirken, yar\u0131n Pazar g\u00fcn\u00fc de \u015eam\u2019daki S\u00fcryani Ortodoks Patrikli\u011fi merkezine giden b\u00fct\u00fcn cadde ve semtlerde mum ve ayin mitingi d\u00fczenlenecek.<\/p>\n<p>S.\u015e<\/p>\n","protected":false},"excerpt":{"rendered":"<p>\u015eAM KIRSALI \u2013 \u015eam K\u0131rsal\u0131 Maarrat Saydnaya\u2019da S\u00fcryani Mar Efram Manast\u0131r\u0131ndaki Mar Butros ve Mar Paul Katedralinde bug\u00fcn, Antakya ve T\u00fcm Do\u011fu ile D\u00fcnya Ortodoks S\u00fcryani Kilisesi Y\u00fcksek Ba\u015fkan\u0131 Patrik Mar \u0130gnatius II. Efram, Antakya ve T\u00fcm Do\u011fu Rum Ortodoks Patri\u011fi X. Yuhanna Yaz\u0131c\u0131, Antakya ve T\u00fcm Do\u011fu Rum Katolik Melkite Patri\u011fi Gregorios III. Lahham &hellip;<\/p>\n","protected":false},"author":1,"featured_media":36706,"comment_status":"closed","ping_status":"closed","sticky":false,"template":"","format":"standard","meta":{"footnotes":""},"categories":[479,478],"tags":[15193],"class_list":["post-36704","post","type-post","status-publish","format-standard","has-post-thumbnail","","category-haberler-yerel","category-yerel","tag-suriyede-baris-icin-antakya-dua-ediyor-maarrat-saydnaya-suryani-mar-efram-manastirinda-ayin"],"_links":{"self":[{"href":"https:\/\/archive.sana.sy\/tr\/index.php?rest_route=\/wp\/v2\/posts\/36704","targetHints":{"allow":["GET"]}}],"collection":[{"href":"https:\/\/archive.sana.sy\/tr\/index.php?rest_route=\/wp\/v2\/posts"}],"about":[{"href":"https:\/\/archive.sana.sy\/tr\/index.php?rest_route=\/wp\/v2\/types\/post"}],"author":[{"embeddable":true,"href":"https:\/\/archive.sana.sy\/tr\/index.php?rest_route=\/wp\/v2\/users\/1"}],"replies":[{"embeddable":true,"href":"https:\/\/archive.sana.sy\/tr\/index.php?rest_route=%2Fwp%2Fv2%2Fcomments&post=36704"}],"version-history":[{"count":0,"href":"https:\/\/archive.sana.sy\/tr\/index.php?rest_route=\/wp\/v2\/posts\/36704\/revisions"}],"wp:featuredmedia":[{"embeddable":true,"href":"https:\/\/archive.sana.sy\/tr\/index.php?rest_route=\/wp\/v2\/media\/36706"}],"wp:attachment":[{"href":"https:\/\/archive.sana.sy\/tr\/index.php?rest_route=%2Fwp%2Fv2%2Fmedia&parent=36704"}],"wp:term":[{"taxonomy":"category","embeddable":true,"href":"https:\/\/archive.sana.sy\/tr\/index.php?rest_route=%2Fwp%2Fv2%2Fcategories&post=36704"},{"taxonomy":"post_tag","embeddable":true,"href":"https:\/\/archive.sana.sy\/tr\/index.php?rest_route=%2Fwp%2Fv2%2Ftags&post=36704"}],"curies":[{"name":"wp","href":"https:\/\/api.w.org\/{rel}","templated":true}]}}