{"id":3671,"date":"2014-06-22T16:32:39","date_gmt":"2014-06-22T13:32:39","guid":{"rendered":"http:\/\/www.sana.sy\/tr\/?p=3671"},"modified":"2014-06-22T16:32:39","modified_gmt":"2014-06-22T13:32:39","slug":"bolge-ulkelerinden-terore-desteklerini-kesmelerini-talep-etti","status":"publish","type":"post","link":"https:\/\/archive.sana.sy\/tr\/?p=3671","title":{"rendered":"B\u00f6lge \u00dclkelerinden Ter\u00f6re Desteklerini Kesmelerini Talep Etti"},"content":{"rendered":"<p>TAHRAN \u2013 \u0130ran Cumhurba\u015fkan\u0131 Hasan Ruhani silahl\u0131 ter\u00f6r gruplar\u0131n\u0131n \u2018\u0130slam ve cihat\u2019 ad\u0131 alt\u0131nda Suriye, Irak, L\u00fcbnan, Afganistan ve Pakistan\u2019da \u00e7ocuklar\u0131 \u00f6ld\u00fcrme, kad\u0131nlara tecav\u00fcz etme ve evleri y\u0131kma gibi bulundu\u011fu vah\u015fi eylemleri k\u0131nad\u0131.<\/p>\n<p>Uluslar aras\u0131 \u0130mam el Hasan Konferans\u0131nda konu\u015fan Ruhani; ter\u00f6r gruplar\u0131n\u0131n bu eylemlerinin din ile hi\u00e7bir ilgisi olmad\u0131\u011f\u0131n\u0131 belirterek, bu eylemlerin g\u00fcn\u00fcm\u00fczde \u0130slam aleminin ya\u015fad\u0131\u011f\u0131 en b\u00fcy\u00fck musibet oldu\u011funu s\u00f6yledi.<\/p>\n<p>Ruhani t\u00fcm \u0130slam devletlerini birlik beraberlik ve bar\u0131\u015fa davet ederken ter\u00f6re kar\u015f\u0131 ortak m\u00fccadele vermeye \u00e7a\u011f\u0131rd\u0131.<\/p>\n<p>Ter\u00f6ristlere destek veren b\u00f6lge devletlerine seslenen Ruhani; M\u00fcsl\u00fcmanlar\u0131n kan\u0131n\u0131 ak\u0131tmalar\u0131na son vermelerini talep ederek, destekledikleri bu ter\u00f6r\u00fcn er yada ge\u00e7 kendilerini de hedef alaca\u011f\u0131na i\u015faret etti.<\/p>\n","protected":false},"excerpt":{"rendered":"<p>TAHRAN \u2013 \u0130ran Cumhurba\u015fkan\u0131 Hasan Ruhani silahl\u0131 ter\u00f6r gruplar\u0131n\u0131n \u2018\u0130slam ve cihat\u2019 ad\u0131 alt\u0131nda Suriye, Irak, L\u00fcbnan, Afganistan ve Pakistan\u2019da \u00e7ocuklar\u0131 \u00f6ld\u00fcrme, kad\u0131nlara tecav\u00fcz etme ve evleri y\u0131kma gibi bulundu\u011fu vah\u015fi eylemleri k\u0131nad\u0131. Uluslar aras\u0131 \u0130mam el Hasan Konferans\u0131nda konu\u015fan Ruhani; ter\u00f6r gruplar\u0131n\u0131n bu eylemlerinin din ile hi\u00e7bir ilgisi olmad\u0131\u011f\u0131n\u0131 belirterek, bu eylemlerin g\u00fcn\u00fcm\u00fczde \u0130slam &hellip;<\/p>\n","protected":false},"author":1,"featured_media":3672,"comment_status":"closed","ping_status":"closed","sticky":false,"template":"","format":"standard","meta":{"footnotes":""},"categories":[458,459,447,584],"tags":[802],"class_list":["post-3671","post","type-post","status-publish","format-standard","has-post-thumbnail","","category-dunya1","category-haberler-arap-uluslararasi-politika","category-politika","category-yurtdisinda-sana-ofisleri","tag-bolge-ulkelerinden-terore-desteklerini-kesmelerini-talep-etti"],"_links":{"self":[{"href":"https:\/\/archive.sana.sy\/tr\/index.php?rest_route=\/wp\/v2\/posts\/3671","targetHints":{"allow":["GET"]}}],"collection":[{"href":"https:\/\/archive.sana.sy\/tr\/index.php?rest_route=\/wp\/v2\/posts"}],"about":[{"href":"https:\/\/archive.sana.sy\/tr\/index.php?rest_route=\/wp\/v2\/types\/post"}],"author":[{"embeddable":true,"href":"https:\/\/archive.sana.sy\/tr\/index.php?rest_route=\/wp\/v2\/users\/1"}],"replies":[{"embeddable":true,"href":"https:\/\/archive.sana.sy\/tr\/index.php?rest_route=%2Fwp%2Fv2%2Fcomments&post=3671"}],"version-history":[{"count":0,"href":"https:\/\/archive.sana.sy\/tr\/index.php?rest_route=\/wp\/v2\/posts\/3671\/revisions"}],"wp:featuredmedia":[{"embeddable":true,"href":"https:\/\/archive.sana.sy\/tr\/index.php?rest_route=\/wp\/v2\/media\/3672"}],"wp:attachment":[{"href":"https:\/\/archive.sana.sy\/tr\/index.php?rest_route=%2Fwp%2Fv2%2Fmedia&parent=3671"}],"wp:term":[{"taxonomy":"category","embeddable":true,"href":"https:\/\/archive.sana.sy\/tr\/index.php?rest_route=%2Fwp%2Fv2%2Fcategories&post=3671"},{"taxonomy":"post_tag","embeddable":true,"href":"https:\/\/archive.sana.sy\/tr\/index.php?rest_route=%2Fwp%2Fv2%2Ftags&post=3671"}],"curies":[{"name":"wp","href":"https:\/\/api.w.org\/{rel}","templated":true}]}}