{"id":36712,"date":"2015-06-13T13:02:58","date_gmt":"2015-06-13T10:02:58","guid":{"rendered":"http:\/\/sana.sy\/tr\/?p=36712"},"modified":"2015-06-13T13:06:48","modified_gmt":"2015-06-13T10:06:48","slug":"lubnan-ordusu-ersal-daglik-bolgesinde-teroristlerin-hareketlenme-ve-sizmalarini-basarisizliga-ugratti","status":"publish","type":"post","link":"https:\/\/archive.sana.sy\/tr\/?p=36712","title":{"rendered":"L\u00fcbnan Ordusu Ersal Da\u011fl\u0131k B\u00f6lgesinde Ter\u00f6ristlerin Hareketlenme ve S\u0131zmalar\u0131n\u0131 Ba\u015far\u0131s\u0131zl\u0131\u011fa U\u011fratt\u0131"},"content":{"rendered":"<p>BEYRUT \u2013 L\u00fcbnan ordusu ter\u00f6ristlerin \u015f\u00fcpheli hareketlenmeleri ile Ersal da\u011fl\u0131k b\u00f6lgesinden s\u0131zma giri\u015fimlerini ba\u015far\u0131s\u0131zl\u0131\u011fa u\u011fratarak m\u00fcnasip silahlarla bombalad\u0131.<\/p>\n<p>L\u00fcbnan Ulusal Enformasyon Ajans\u0131, L\u00fcbnan ordusunun a\u011f\u0131r ve orta toplarla Ersal Beldesi da\u011fl\u0131k b\u00f6lgesinde \u015f\u00fcpheli hareketlenmelerinden \u015f\u00fcphelenmesi ard\u0131ndan vurdu\u011funu s\u00f6yledi.<\/p>\n<p>L\u00fcbnan ordu istihbarat\u0131 d\u00fcn de, L\u00fcbnan\u2019da ter\u00f6r eylemlerine kat\u0131lma ve haz\u0131rl\u0131klar\u0131n\u0131 d\u00fczenlemesinde g\u00f6rev almakla su\u00e7lu Ahmet el Atra\u015f adl\u0131 \u015fah\u0131s yan\u0131 s\u0131ra, el Bekaa T\u0131lya Beldesinde I\u015e\u0130D ter\u00f6r \u00f6rg\u00fct\u00fcne ba\u011fl\u0131 Suriyeli 3 ter\u00f6risti tutuklam\u0131\u015ft\u0131.<\/p>\n<p>S.\u015e<\/p>\n","protected":false},"excerpt":{"rendered":"<p>BEYRUT \u2013 L\u00fcbnan ordusu ter\u00f6ristlerin \u015f\u00fcpheli hareketlenmeleri ile Ersal da\u011fl\u0131k b\u00f6lgesinden s\u0131zma giri\u015fimlerini ba\u015far\u0131s\u0131zl\u0131\u011fa u\u011fratarak m\u00fcnasip silahlarla bombalad\u0131. L\u00fcbnan Ulusal Enformasyon Ajans\u0131, L\u00fcbnan ordusunun a\u011f\u0131r ve orta toplarla Ersal Beldesi da\u011fl\u0131k b\u00f6lgesinde \u015f\u00fcpheli hareketlenmelerinden \u015f\u00fcphelenmesi ard\u0131ndan vurdu\u011funu s\u00f6yledi. L\u00fcbnan ordu istihbarat\u0131 d\u00fcn de, L\u00fcbnan\u2019da ter\u00f6r eylemlerine kat\u0131lma ve haz\u0131rl\u0131klar\u0131n\u0131 d\u00fczenlemesinde g\u00f6rev almakla su\u00e7lu Ahmet el &hellip;<\/p>\n","protected":false},"author":1,"featured_media":36714,"comment_status":"closed","ping_status":"closed","sticky":false,"template":"","format":"standard","meta":{"footnotes":""},"categories":[458,459,447,1],"tags":[15195],"class_list":["post-36712","post","type-post","status-publish","format-standard","has-post-thumbnail","","category-dunya1","category-haberler-arap-uluslararasi-politika","category-politika","category-news-not-sorted","tag-lubnan-ordusu-ersal-daglik-bolgesinde-teroristlerin-hareketlenme-ve-sizmalarini-basarisizliga-ugratti"],"_links":{"self":[{"href":"https:\/\/archive.sana.sy\/tr\/index.php?rest_route=\/wp\/v2\/posts\/36712","targetHints":{"allow":["GET"]}}],"collection":[{"href":"https:\/\/archive.sana.sy\/tr\/index.php?rest_route=\/wp\/v2\/posts"}],"about":[{"href":"https:\/\/archive.sana.sy\/tr\/index.php?rest_route=\/wp\/v2\/types\/post"}],"author":[{"embeddable":true,"href":"https:\/\/archive.sana.sy\/tr\/index.php?rest_route=\/wp\/v2\/users\/1"}],"replies":[{"embeddable":true,"href":"https:\/\/archive.sana.sy\/tr\/index.php?rest_route=%2Fwp%2Fv2%2Fcomments&post=36712"}],"version-history":[{"count":0,"href":"https:\/\/archive.sana.sy\/tr\/index.php?rest_route=\/wp\/v2\/posts\/36712\/revisions"}],"wp:featuredmedia":[{"embeddable":true,"href":"https:\/\/archive.sana.sy\/tr\/index.php?rest_route=\/wp\/v2\/media\/36714"}],"wp:attachment":[{"href":"https:\/\/archive.sana.sy\/tr\/index.php?rest_route=%2Fwp%2Fv2%2Fmedia&parent=36712"}],"wp:term":[{"taxonomy":"category","embeddable":true,"href":"https:\/\/archive.sana.sy\/tr\/index.php?rest_route=%2Fwp%2Fv2%2Fcategories&post=36712"},{"taxonomy":"post_tag","embeddable":true,"href":"https:\/\/archive.sana.sy\/tr\/index.php?rest_route=%2Fwp%2Fv2%2Ftags&post=36712"}],"curies":[{"name":"wp","href":"https:\/\/api.w.org\/{rel}","templated":true}]}}