{"id":36730,"date":"2015-06-13T15:56:32","date_gmt":"2015-06-13T12:56:32","guid":{"rendered":"http:\/\/www.sana.sy\/tr\/?p=36730"},"modified":"2015-06-13T16:43:53","modified_gmt":"2015-06-13T13:43:53","slug":"kutsal-sinod-uluslararasi-toplumu-sorumluluga-cagirdi","status":"publish","type":"post","link":"https:\/\/archive.sana.sy\/tr\/?p=36730","title":{"rendered":"Kutsal Sinod Uluslararas\u0131 Toplumu Sorumlulu\u011fa \u00c7a\u011f\u0131rd\u0131"},"content":{"rendered":"<p>\u015eAM KIRSALI \u2013 S\u00fcryani Ortodokslar Kilisesinin Kutsal Sinodu vatan topraklar\u0131na tutunman\u0131n yan\u0131nda t\u00fcm halk bile\u015fenleri aras\u0131nda ortak ya\u015fam, sevgi, karde\u015flik ve ho\u015fg\u00f6r\u00fc ba\u011flar\u0131n\u0131 peki\u015ftirme \u00f6zenini belirtti.<\/p>\n<p>Kutsal Sinod \u015eam k\u0131rsal\u0131 S\u0131dnaya Beldesinde d\u00fczenledi\u011fi 2015 ola\u011fan devre oturumlar\u0131n\u0131n bitiminde yay\u0131nlad\u0131\u011f\u0131 deklarasyonda; vatanda\u015flar\u0131n bar\u0131\u015f\u0131n sa\u011flanmas\u0131 ve ter\u00f6r \u00f6rg\u00fctleri taraf\u0131ndan din adamlar\u0131 dahil ka\u00e7\u0131r\u0131lanlar\u0131n serbest b\u0131rak\u0131lmas\u0131nda halk\u0131n umutlar\u0131n\u0131 ger\u00e7ekle\u015ftirmede uluslar aras\u0131 toplum ve karar sahiplerini sorumluluk \u00fcstlenmeye \u00e7a\u011f\u0131rd\u0131.<\/p>\n<p>Suriye ve Irak\u2019ta i\u015flenen ter\u00f6r ve bu ter\u00f6re destek kar\u015f\u0131s\u0131nda uluslar aras\u0131 toplumun sessizli\u011finden esefini ifade eden Sinod; Suriye&#8217;de bar\u0131\u015f\u0131n sa\u011flanmas\u0131 i\u00e7in dua etti.<\/p>\n<p>A.A.<\/p>\n","protected":false},"excerpt":{"rendered":"<p>\u015eAM KIRSALI \u2013 S\u00fcryani Ortodokslar Kilisesinin Kutsal Sinodu vatan topraklar\u0131na tutunman\u0131n yan\u0131nda t\u00fcm halk bile\u015fenleri aras\u0131nda ortak ya\u015fam, sevgi, karde\u015flik ve ho\u015fg\u00f6r\u00fc ba\u011flar\u0131n\u0131 peki\u015ftirme \u00f6zenini belirtti. Kutsal Sinod \u015eam k\u0131rsal\u0131 S\u0131dnaya Beldesinde d\u00fczenledi\u011fi 2015 ola\u011fan devre oturumlar\u0131n\u0131n bitiminde yay\u0131nlad\u0131\u011f\u0131 deklarasyonda; vatanda\u015flar\u0131n bar\u0131\u015f\u0131n sa\u011flanmas\u0131 ve ter\u00f6r \u00f6rg\u00fctleri taraf\u0131ndan din adamlar\u0131 dahil ka\u00e7\u0131r\u0131lanlar\u0131n serbest b\u0131rak\u0131lmas\u0131nda halk\u0131n umutlar\u0131n\u0131 &hellip;<\/p>\n","protected":false},"author":1,"featured_media":36736,"comment_status":"closed","ping_status":"closed","sticky":false,"template":"","format":"standard","meta":{"footnotes":""},"categories":[479,447,478],"tags":[15198],"class_list":["post-36730","post","type-post","status-publish","format-standard","has-post-thumbnail","","category-haberler-yerel","category-politika","category-yerel","tag-kutsal-sinod-uluslar-arasi-toplumu-sorumluluga-cagirdi"],"_links":{"self":[{"href":"https:\/\/archive.sana.sy\/tr\/index.php?rest_route=\/wp\/v2\/posts\/36730","targetHints":{"allow":["GET"]}}],"collection":[{"href":"https:\/\/archive.sana.sy\/tr\/index.php?rest_route=\/wp\/v2\/posts"}],"about":[{"href":"https:\/\/archive.sana.sy\/tr\/index.php?rest_route=\/wp\/v2\/types\/post"}],"author":[{"embeddable":true,"href":"https:\/\/archive.sana.sy\/tr\/index.php?rest_route=\/wp\/v2\/users\/1"}],"replies":[{"embeddable":true,"href":"https:\/\/archive.sana.sy\/tr\/index.php?rest_route=%2Fwp%2Fv2%2Fcomments&post=36730"}],"version-history":[{"count":0,"href":"https:\/\/archive.sana.sy\/tr\/index.php?rest_route=\/wp\/v2\/posts\/36730\/revisions"}],"wp:featuredmedia":[{"embeddable":true,"href":"https:\/\/archive.sana.sy\/tr\/index.php?rest_route=\/wp\/v2\/media\/36736"}],"wp:attachment":[{"href":"https:\/\/archive.sana.sy\/tr\/index.php?rest_route=%2Fwp%2Fv2%2Fmedia&parent=36730"}],"wp:term":[{"taxonomy":"category","embeddable":true,"href":"https:\/\/archive.sana.sy\/tr\/index.php?rest_route=%2Fwp%2Fv2%2Fcategories&post=36730"},{"taxonomy":"post_tag","embeddable":true,"href":"https:\/\/archive.sana.sy\/tr\/index.php?rest_route=%2Fwp%2Fv2%2Ftags&post=36730"}],"curies":[{"name":"wp","href":"https:\/\/api.w.org\/{rel}","templated":true}]}}