{"id":36740,"date":"2015-06-14T09:49:42","date_gmt":"2015-06-14T06:49:42","guid":{"rendered":"http:\/\/sana.sy\/tr\/?p=36740"},"modified":"2015-06-14T09:49:42","modified_gmt":"2015-06-14T06:49:42","slug":"vafidin-kampina-teror-saldirisinda-1-cocuk-sehit-dustu-ablasi-da-yaralandi","status":"publish","type":"post","link":"https:\/\/archive.sana.sy\/tr\/?p=36740","title":{"rendered":"Vafidin Kamp\u0131na Ter\u00f6r Sald\u0131r\u0131s\u0131nda 1 \u00c7ocuk \u015eehit D\u00fc\u015ft\u00fc Ablas\u0131 Da Yaraland\u0131"},"content":{"rendered":"<p>\u015eAM KIRSALI \u2013 Eli kanl\u0131 gaddar ter\u00f6ristlerin \u015eam K\u0131rsal\u0131 el Vafidin Kamp\u0131na y\u00f6nelik d\u00fcn ak\u015fam d\u00fczenledikleri ter\u00f6r sald\u0131r\u0131s\u0131nda bir \u00e7ocuk \u015fehit d\u00fc\u015ft\u00fc.<\/p>\n<p>\u0130l Emniyet Kayna\u011f\u0131 SANA muhabirine a\u00e7\u0131klamas\u0131nda, ter\u00f6rist \u00f6rg\u00fctlerin el Vafidin Kamp\u0131n\u0131 3 roketli f\u00fcze ile hedef ald\u0131klar\u0131n\u0131, birinin oyun sahas\u0131 yan\u0131na d\u00fc\u015fmesi sonucunda 12 ya\u015f\u0131nda bir \u00e7ocu\u011fu yaralad\u0131\u011f\u0131n\u0131 ve daha sonra\u00a0 kald\u0131r\u0131ld\u0131\u011f\u0131 el Kutayfa hastanesinde ald\u0131\u011f\u0131 yaralar sonucunda \u015fehit d\u00fc\u015ft\u00fc\u011f\u00fcn\u00fc, 30 ya\u015f\u0131ndaki ablas\u0131n\u0131n da bir g\u00f6z\u00fcnden a\u011f\u0131r \u015fekilde yaraland\u0131\u011f\u0131n\u0131 belirtti.<\/p>\n<p>Bilinece\u011fi \u00fczere el Vafidin Kamp\u0131, f\u00fczelerle civardaki g\u00fcvenli, b\u00f6lge ve semtlere sald\u0131ran tekfiri ter\u00f6r \u00f6rg\u00fctlerinin yay\u0131ld\u0131\u011f\u0131 Duma B\u00f6lgesi Aliya Mezralar\u0131 uzan\u0131yor.<\/p>\n<p>S.\u015e. &#8211; R.H.<\/p>\n","protected":false},"excerpt":{"rendered":"<p>\u015eAM KIRSALI \u2013 Eli kanl\u0131 gaddar ter\u00f6ristlerin \u015eam K\u0131rsal\u0131 el Vafidin Kamp\u0131na y\u00f6nelik d\u00fcn ak\u015fam d\u00fczenledikleri ter\u00f6r sald\u0131r\u0131s\u0131nda bir \u00e7ocuk \u015fehit d\u00fc\u015ft\u00fc. \u0130l Emniyet Kayna\u011f\u0131 SANA muhabirine a\u00e7\u0131klamas\u0131nda, ter\u00f6rist \u00f6rg\u00fctlerin el Vafidin Kamp\u0131n\u0131 3 roketli f\u00fcze ile hedef ald\u0131klar\u0131n\u0131, birinin oyun sahas\u0131 yan\u0131na d\u00fc\u015fmesi sonucunda 12 ya\u015f\u0131nda bir \u00e7ocu\u011fu yaralad\u0131\u011f\u0131n\u0131 ve daha sonra\u00a0 kald\u0131r\u0131ld\u0131\u011f\u0131 el &hellip;<\/p>\n","protected":false},"author":1,"featured_media":27117,"comment_status":"closed","ping_status":"closed","sticky":false,"template":"","format":"standard","meta":{"footnotes":""},"categories":[575],"tags":[],"class_list":["post-36740","post","type-post","status-publish","format-standard","has-post-thumbnail","","category-olaylar-ve-gercekler"],"_links":{"self":[{"href":"https:\/\/archive.sana.sy\/tr\/index.php?rest_route=\/wp\/v2\/posts\/36740","targetHints":{"allow":["GET"]}}],"collection":[{"href":"https:\/\/archive.sana.sy\/tr\/index.php?rest_route=\/wp\/v2\/posts"}],"about":[{"href":"https:\/\/archive.sana.sy\/tr\/index.php?rest_route=\/wp\/v2\/types\/post"}],"author":[{"embeddable":true,"href":"https:\/\/archive.sana.sy\/tr\/index.php?rest_route=\/wp\/v2\/users\/1"}],"replies":[{"embeddable":true,"href":"https:\/\/archive.sana.sy\/tr\/index.php?rest_route=%2Fwp%2Fv2%2Fcomments&post=36740"}],"version-history":[{"count":0,"href":"https:\/\/archive.sana.sy\/tr\/index.php?rest_route=\/wp\/v2\/posts\/36740\/revisions"}],"wp:featuredmedia":[{"embeddable":true,"href":"https:\/\/archive.sana.sy\/tr\/index.php?rest_route=\/wp\/v2\/media\/27117"}],"wp:attachment":[{"href":"https:\/\/archive.sana.sy\/tr\/index.php?rest_route=%2Fwp%2Fv2%2Fmedia&parent=36740"}],"wp:term":[{"taxonomy":"category","embeddable":true,"href":"https:\/\/archive.sana.sy\/tr\/index.php?rest_route=%2Fwp%2Fv2%2Fcategories&post=36740"},{"taxonomy":"post_tag","embeddable":true,"href":"https:\/\/archive.sana.sy\/tr\/index.php?rest_route=%2Fwp%2Fv2%2Ftags&post=36740"}],"curies":[{"name":"wp","href":"https:\/\/api.w.org\/{rel}","templated":true}]}}