{"id":36784,"date":"2015-06-14T10:20:28","date_gmt":"2015-06-14T07:20:28","guid":{"rendered":"http:\/\/sana.sy\/tr\/?p=36784"},"modified":"2015-06-14T10:20:59","modified_gmt":"2015-06-14T07:20:59","slug":"askeri-kaynak-ordu-birliklerimizin-suveyda-kirsalinda-el-sule-havaalani-kuzeybatisinda-tekfiri-teror-orgutlerinin-yuvalarini-imha-ettigini-belirtti","status":"publish","type":"post","link":"https:\/\/archive.sana.sy\/tr\/?p=36784","title":{"rendered":"Askeri kaynak, ordu birliklerimizin S\u00fcveyda k\u0131rsal\u0131nda el Su\u2019le havaalan\u0131 kuzeybat\u0131s\u0131nda tekfiri ter\u00f6r \u00f6rg\u00fctlerinin yuvalar\u0131n\u0131 imha etti\u011fini belirtti."},"content":{"rendered":"<p>Askeri kaynak, ordu birliklerimizin S\u00fcveyda k\u0131rsal\u0131nda el Su\u2019le havaalan\u0131 kuzeybat\u0131s\u0131nda tekfiri ter\u00f6r \u00f6rg\u00fctlerinin yuvalar\u0131n\u0131 imha etti\u011fini belirtti.<\/p>\n","protected":false},"excerpt":{"rendered":"<p>Askeri kaynak, ordu birliklerimizin S\u00fcveyda k\u0131rsal\u0131nda el Su\u2019le havaalan\u0131 kuzeybat\u0131s\u0131nda tekfiri ter\u00f6r \u00f6rg\u00fctlerinin yuvalar\u0131n\u0131 imha etti\u011fini belirtti.<\/p>\n","protected":false},"author":1,"featured_media":0,"comment_status":"closed","ping_status":"closed","sticky":false,"template":"","format":"standard","meta":{"footnotes":""},"categories":[1],"tags":[],"class_list":["post-36784","post","type-post","status-publish","format-standard","","category-news-not-sorted"],"_links":{"self":[{"href":"https:\/\/archive.sana.sy\/tr\/index.php?rest_route=\/wp\/v2\/posts\/36784","targetHints":{"allow":["GET"]}}],"collection":[{"href":"https:\/\/archive.sana.sy\/tr\/index.php?rest_route=\/wp\/v2\/posts"}],"about":[{"href":"https:\/\/archive.sana.sy\/tr\/index.php?rest_route=\/wp\/v2\/types\/post"}],"author":[{"embeddable":true,"href":"https:\/\/archive.sana.sy\/tr\/index.php?rest_route=\/wp\/v2\/users\/1"}],"replies":[{"embeddable":true,"href":"https:\/\/archive.sana.sy\/tr\/index.php?rest_route=%2Fwp%2Fv2%2Fcomments&post=36784"}],"version-history":[{"count":0,"href":"https:\/\/archive.sana.sy\/tr\/index.php?rest_route=\/wp\/v2\/posts\/36784\/revisions"}],"wp:attachment":[{"href":"https:\/\/archive.sana.sy\/tr\/index.php?rest_route=%2Fwp%2Fv2%2Fmedia&parent=36784"}],"wp:term":[{"taxonomy":"category","embeddable":true,"href":"https:\/\/archive.sana.sy\/tr\/index.php?rest_route=%2Fwp%2Fv2%2Fcategories&post=36784"},{"taxonomy":"post_tag","embeddable":true,"href":"https:\/\/archive.sana.sy\/tr\/index.php?rest_route=%2Fwp%2Fv2%2Ftags&post=36784"}],"curies":[{"name":"wp","href":"https:\/\/api.w.org\/{rel}","templated":true}]}}