{"id":3680,"date":"2014-06-22T16:41:05","date_gmt":"2014-06-22T13:41:05","guid":{"rendered":"http:\/\/www.sana.sy\/tr\/?p=3680"},"modified":"2014-06-22T16:41:05","modified_gmt":"2014-06-22T13:41:05","slug":"suriyedeki-krize-bariscil-cozum-saglanmasina-cagirdi","status":"publish","type":"post","link":"https:\/\/archive.sana.sy\/tr\/?p=3680","title":{"rendered":"Suriye&#8217;deki Krize Bar\u0131\u015f\u00e7\u0131l \u00c7\u00f6z\u00fcm Sa\u011flanmas\u0131na \u00c7a\u011f\u0131rd\u0131"},"content":{"rendered":"<p>BEYRUT \u2013 Patrik Kardinal B\u015fara Butros el Rai Suriye&#8217;deki krize siyasi ve bar\u0131\u015f\u00e7\u0131l \u00e7\u00f6z\u00fcm sa\u011flamakla birlikte kan ve \u015fiddete son verme \u00e7a\u011fr\u0131s\u0131nda bulundu.<\/p>\n<p>L\u00fcbnan&#8217;\u0131n Bekreki B\u00f6lgesinde d\u00fczenlenen Pazar ayininde Kardinal Rai; bar\u0131\u015f, istikrar ve \u0131l\u0131ml\u0131l\u0131\u011f\u0131n yap\u0131land\u0131r\u0131lmas\u0131nda H\u0131ristiyanlar\u0131n rollerine dikkat \u00e7ekti.<\/p>\n","protected":false},"excerpt":{"rendered":"<p>BEYRUT \u2013 Patrik Kardinal B\u015fara Butros el Rai Suriye&#8217;deki krize siyasi ve bar\u0131\u015f\u00e7\u0131l \u00e7\u00f6z\u00fcm sa\u011flamakla birlikte kan ve \u015fiddete son verme \u00e7a\u011fr\u0131s\u0131nda bulundu. L\u00fcbnan&#8217;\u0131n Bekreki B\u00f6lgesinde d\u00fczenlenen Pazar ayininde Kardinal Rai; bar\u0131\u015f, istikrar ve \u0131l\u0131ml\u0131l\u0131\u011f\u0131n yap\u0131land\u0131r\u0131lmas\u0131nda H\u0131ristiyanlar\u0131n rollerine dikkat \u00e7ekti.<\/p>\n","protected":false},"author":1,"featured_media":3681,"comment_status":"closed","ping_status":"closed","sticky":false,"template":"","format":"standard","meta":{"footnotes":""},"categories":[458,459],"tags":[805],"class_list":["post-3680","post","type-post","status-publish","format-standard","has-post-thumbnail","","category-dunya1","category-haberler-arap-uluslararasi-politika","tag-suriyedeki-krize-bariscil-cozum-saglanmasina-cagirdi"],"_links":{"self":[{"href":"https:\/\/archive.sana.sy\/tr\/index.php?rest_route=\/wp\/v2\/posts\/3680","targetHints":{"allow":["GET"]}}],"collection":[{"href":"https:\/\/archive.sana.sy\/tr\/index.php?rest_route=\/wp\/v2\/posts"}],"about":[{"href":"https:\/\/archive.sana.sy\/tr\/index.php?rest_route=\/wp\/v2\/types\/post"}],"author":[{"embeddable":true,"href":"https:\/\/archive.sana.sy\/tr\/index.php?rest_route=\/wp\/v2\/users\/1"}],"replies":[{"embeddable":true,"href":"https:\/\/archive.sana.sy\/tr\/index.php?rest_route=%2Fwp%2Fv2%2Fcomments&post=3680"}],"version-history":[{"count":0,"href":"https:\/\/archive.sana.sy\/tr\/index.php?rest_route=\/wp\/v2\/posts\/3680\/revisions"}],"wp:featuredmedia":[{"embeddable":true,"href":"https:\/\/archive.sana.sy\/tr\/index.php?rest_route=\/wp\/v2\/media\/3681"}],"wp:attachment":[{"href":"https:\/\/archive.sana.sy\/tr\/index.php?rest_route=%2Fwp%2Fv2%2Fmedia&parent=3680"}],"wp:term":[{"taxonomy":"category","embeddable":true,"href":"https:\/\/archive.sana.sy\/tr\/index.php?rest_route=%2Fwp%2Fv2%2Fcategories&post=3680"},{"taxonomy":"post_tag","embeddable":true,"href":"https:\/\/archive.sana.sy\/tr\/index.php?rest_route=%2Fwp%2Fv2%2Ftags&post=3680"}],"curies":[{"name":"wp","href":"https:\/\/api.w.org\/{rel}","templated":true}]}}